{"id":9670,"date":"2021-11-24T12:16:48","date_gmt":"2021-11-24T11:16:48","guid":{"rendered":"https:\/\/www.framegirona.com\/?p=9670"},"modified":"2022-04-14T11:11:21","modified_gmt":"2022-04-14T09:11:21","slug":"marqueting-estacional","status":"publish","type":"post","link":"https:\/\/framegirona.com\/es\/marqueting-estacional\/","title":{"rendered":"Marqueting estacional"},"content":{"rendered":"<h2><b>CUANDO EL CALENDARIO MARCA TU COMUNICACI\u00d3N<\/b><\/h2>\n<p>A lo largo del a\u00f1o hay diferentes fechas, como vacaciones, Navidad, D\u00eda de la Madre, etc., en las cuales es esencial aplicar estrategias de negocio o comunicaci\u00f3n espec\u00edficas. Cuando se acercan festividades, tu empresa tiene unas necesidades diferentes que el resto del a\u00f1o, verdad? Por un lado, tenso m\u00e1s demanda, por otro, tu actividad est\u00e1 muy enmarcada en unos periodos concretos.\u00a0<strong>\u00bfTienes el producto. \u00bfHas pensado c\u00f3mo te comunicas durante todo el a\u00f1o?<\/strong> Es imprescindible que informes tu actividad en el momento en que ya est\u00e1s activo, por estos motivos te ser\u00e1 esencial el marketing estacional.<\/p>\n<p>&nbsp;<\/p>\n<h3><b>QU\u00c9 ES Y COMO APLICARLO<\/b><\/h3>\n<p>Se trata de <strong>segmentar el a\u00f1o teniendo en cuenta las diferentes fechas especiales, para realizar acciones espec\u00edficas y conseguir m\u00e1s impacto entre el p\u00fablico<\/strong>. Es decir, son planes temporales en d\u00edas o festividades concretas. Durante estas fechas, las ventas y el inter\u00e9s de los consumidores es m\u00e1s elevado, por eso es importante comunicarnos de manera diferente.<\/p>\n<ul>\n<li>Navidad<\/li>\n<li>Rebajas<\/li>\n<li>Black Friday<\/li>\n<li>Cyber Monday<\/li>\n<li>D\u00eda concreto: D\u00eda de la Madre, San Valent\u00edn, San Jorge\u2026<\/li>\n<li>D\u00eda internacional relacionado con tu empresa: D\u00eda de las mascotas, D\u00eda del helado, D\u00eda de la fotograf\u00eda\u2026<\/li>\n<\/ul>\n<p>&nbsp;<\/p>\n<p>En estas \u00e9pocas, la competencia tambi\u00e9n crea campa\u00f1as singulares, haciendo que el cliente pueda llegar a saturarse y pierda inter\u00e9s entre tanta informaci\u00f3n. Es por eso que <strong>tienes que pensar muy bien tu estrategia y crear contenido original y atractivo<\/strong>. Los pasos a seguir son:<\/p>\n<ul>\n<li><strong>Establece el calendario:<\/strong> marca las fechas o los periodos en los que quieres hacer las comunicaciones.<\/li>\n<li><strong>Acciones:<\/strong> detalla qu\u00e9 y como hacerlo. Planificar es imprescindible para evitar errores y crear contenido deprisa y corriendo.<\/li>\n<li><strong>Adapta el producto o servicio:<\/strong> ajusta el producto o el servicio a las caracter\u00edsticas temporales. Crea ofertas, regalos, etc., dejando clara la fecha tope, este punto te ayudar\u00e1 a llegar a p\u00fablico nuevo.<\/li>\n<li><strong>Vias de comunicaci\u00f3n:<\/strong> intensifica y crea el contenido a trav\u00e9s de los diferentes canales que quieres utilizar: redes sociales, web, blog, correo, etc.<\/li>\n<\/ul>\n<p>&nbsp;<\/p>\n<h3><b>TIPOS DE ESTACIONALIDAD<\/b><\/h3>\n<p>No todos los productos o servicios presentan las mismas caracter\u00edsticas y, por lo tanto, no se aplican las mismas estrategias. Las podemos clasificar como:<\/p>\n<h4>1. ACTIVIDAD EN UNA \u00c9POCA CONCRETA<\/h4>\n<p>Es el caso de <strong>productos y servicios que se comercializan en una \u00e9poca concreta del a\u00f1o<\/strong>, como por ejemplo cremas solares, esqu\u00ed, turrones, etc. En la mente del consumidor, tambi\u00e9n est\u00e1 vinculado a un \u00fanico periodo de tiempo.\u00a0<em>Un caso concreto<\/em> de esta tipolog\u00eda son los bombones Ferrero Rocher. El producto, por calidad, solo se comercializa en invierno y, es por eso, que se centra en conseguir que el p\u00fablico los asocie con esta estaci\u00f3n y Navidad en particular.<\/p>\n<h4>2. CAMBIOS DE STOCK SEG\u00daN TEMPORADA<\/h4>\n<p>Hay sectores, como la moda, que sirven productos durante todo el a\u00f1o, pero <strong>el stock a ofrecer cambia seg\u00fan las necesidades del cliente<\/strong>, puesto que no es lo mismo la ropa de invierno que la de verano.\u00a0<em>Un ejemplo<\/em> es la campa\u00f1a del Corte Ingl\u00e9s, todos tenemos en nuestra cabeza frases como \u201cYa es primavera en El Corte Ingl\u00e9s\u201d.<\/p>\n<h4>3. PROMOCI\u00d3N DE PRODUCTOS ESPEC\u00cdFICOS<\/h4>\n<p>La \u00faltima tipolog\u00eda es\u00a0<strong>los productos o servicios que no est\u00e1n limitados por temporadas<\/strong>, sino que pueden ser consumidos durante todo el a\u00f1o. En estos casos pero, se pueden crear promociones y comunicaciones especiales para potenciar algunos en concreto por unas fechas espec\u00edficas.<\/p>\n<p>&nbsp;<\/p>\n<h3><b>CONSEJOS PARA UN BUEN MARKETING ESTACIONAL<\/b><\/h3>\n<ol>\n<li>No pierdas la esencia de tu marca, busca reforzarla.<\/li>\n<li>Haz llegar tu mensaje sin saturar al p\u00fablico.<\/li>\n<li>No fuerces un mensaje que no va en sinton\u00eda con tu actividad solo para cumplir con la fecha se\u00f1alada.<\/li>\n<\/ol>\n<p>&nbsp;<\/p>\n<p>&nbsp;<\/p>\n<h2><b>QUE HACEMOS PARA TU CAMPA\u00d1A<\/b><\/h2>\n<p>En la comunicaci\u00f3n estacional, es imprescindible recurrir a la creatividad para destacar sobre la competencia, sin perder nuestros valores de marca. Nos podemos hacer valer de la emotividad por fidelizar los compradores y establecer v\u00ednculos, el toque personal y humano en las actividades comerciales hace que la confianza de los consumidores sea m\u00e1s elevada.<\/p>\n<p><strong>Frame Girona<\/strong> preparamos tu campa\u00f1a, desde una felicitaci\u00f3n hasta algo m\u00e1s interactivo, en diferentes formatos:<\/p>\n<ul>\n<li>papel<\/li>\n<li>newsletter<\/li>\n<li>video<\/li>\n<li>slide<\/li>\n<li>banner<\/li>\n<li>campa\u00f1a completa<\/li>\n<\/ul>\n<p>&nbsp;<\/p>\n<p>Contacta con nosotros y <a href=\"mailto:comercial@framegirona.com\" target=\"_blank\" rel=\"noopener\">te informamos<\/a>.<\/p>\n<p>&nbsp;<\/p>\n<h3><b><span style=\"color: #000000;\"><a style=\"color: #000000;\" href=\"https:\/\/framegirona.com\/es\/\">F\/<\/a><\/span> Nuevo moderno things in the old-fashioned way.<\/b><\/h3>","protected":false},"excerpt":{"rendered":"<p>\"Durante estas fechas, las ventas y el inter\u00e9s de los consumidores es m\u00e1s elevado, por eso es importante comunicarnos de manera diferente.\"<\/p>","protected":false},"author":1,"featured_media":11430,"comment_status":"open","ping_status":"closed","sticky":false,"template":"","format":"standard","meta":{"footnotes":""},"categories":[6],"tags":[],"class_list":["post-9670","post","type-post","status-publish","format-standard","has-post-thumbnail","hentry","category-comunicacio"],"yoast_head":"<!-- This site is optimized with the Yoast SEO Premium plugin v24.2 (Yoast SEO v27.5) - https:\/\/yoast.com\/product\/yoast-seo-premium-wordpress\/ -->\n<title>M\u00e0rqueting estacional \u00b7 Comunicaci\u00f3 \u00b7 Frame Girona<\/title>\n<meta name=\"description\" content=\"Existeixen diferents dates en les quals necessites una comunicaci\u00f3 espec\u00edfica, com Nadal, Rebaixes, etc. Utilitza el m\u00e0rqueting estacional.\" \/>\n<meta name=\"robots\" content=\"index, follow, max-snippet:-1, max-image-preview:large, max-video-preview:-1\" \/>\n<link rel=\"canonical\" href=\"https:\/\/framegirona.com\/es\/marqueting-estacional\/\" \/>\n<meta property=\"og:locale\" content=\"es_ES\" \/>\n<meta property=\"og:type\" content=\"article\" \/>\n<meta property=\"og:title\" content=\"M\u00e0rqueting estacional\" \/>\n<meta property=\"og:description\" content=\"Existeixen diferents dates en les quals necessites una comunicaci\u00f3 espec\u00edfica, com Nadal, Rebaixes, etc. Utilitza el m\u00e0rqueting estacional.\" \/>\n<meta property=\"og:url\" content=\"https:\/\/framegirona.com\/es\/marqueting-estacional\/\" \/>\n<meta property=\"og:site_name\" content=\"Frame Girona\" \/>\n<meta property=\"article:publisher\" content=\"https:\/\/www.facebook.com\/framegirona\/\" \/>\n<meta property=\"article:published_time\" content=\"2021-11-24T11:16:48+00:00\" \/>\n<meta property=\"article:modified_time\" content=\"2022-04-14T09:11:21+00:00\" \/>\n<meta property=\"og:image\" content=\"https:\/\/framegirona.com\/wp-content\/uploads\/2021\/11\/blog01.jpg\" \/>\n\t<meta property=\"og:image:width\" content=\"1600\" \/>\n\t<meta property=\"og:image:height\" content=\"684\" \/>\n\t<meta property=\"og:image:type\" content=\"image\/jpeg\" \/>\n<meta name=\"author\" content=\"OCTAVI MUN\u00cd SERRA\" \/>\n<meta name=\"twitter:card\" content=\"summary_large_image\" \/>\n<meta name=\"twitter:label1\" content=\"Escrito por\" \/>\n\t<meta name=\"twitter:data1\" content=\"OCTAVI MUN\u00cd SERRA\" \/>\n\t<meta name=\"twitter:label2\" content=\"Tiempo de lectura\" \/>\n\t<meta name=\"twitter:data2\" content=\"4 minutos\" \/>\n<script type=\"application\/ld+json\" class=\"yoast-schema-graph\">{\"@context\":\"https:\\\/\\\/schema.org\",\"@graph\":[{\"@type\":\"Article\",\"@id\":\"https:\\\/\\\/framegirona.com\\\/es\\\/marqueting-estacional\\\/#article\",\"isPartOf\":{\"@id\":\"https:\\\/\\\/framegirona.com\\\/es\\\/marqueting-estacional\\\/\"},\"author\":{\"name\":\"OCTAVI MUN\u00cd SERRA\",\"@id\":\"https:\\\/\\\/framegirona.com\\\/#\\\/schema\\\/person\\\/e7080e4546ef696a7feeb00001bd2656\"},\"headline\":\"M\u00e0rqueting estacional\",\"datePublished\":\"2021-11-24T11:16:48+00:00\",\"dateModified\":\"2022-04-14T09:11:21+00:00\",\"mainEntityOfPage\":{\"@id\":\"https:\\\/\\\/framegirona.com\\\/es\\\/marqueting-estacional\\\/\"},\"wordCount\":760,\"commentCount\":0,\"publisher\":{\"@id\":\"https:\\\/\\\/framegirona.com\\\/#organization\"},\"image\":{\"@id\":\"https:\\\/\\\/framegirona.com\\\/es\\\/marqueting-estacional\\\/#primaryimage\"},\"thumbnailUrl\":\"https:\\\/\\\/framegirona.com\\\/wp-content\\\/uploads\\\/2021\\\/11\\\/blog01.jpg\",\"articleSection\":[\"Comunicaci\u00f3\"],\"inLanguage\":\"es\",\"potentialAction\":[{\"@type\":\"CommentAction\",\"name\":\"Comment\",\"target\":[\"https:\\\/\\\/framegirona.com\\\/es\\\/marqueting-estacional\\\/#respond\"]}]},{\"@type\":\"WebPage\",\"@id\":\"https:\\\/\\\/framegirona.com\\\/es\\\/marqueting-estacional\\\/\",\"url\":\"https:\\\/\\\/framegirona.com\\\/es\\\/marqueting-estacional\\\/\",\"name\":\"M\u00e0rqueting estacional \u00b7 Comunicaci\u00f3 \u00b7 Frame Girona\",\"isPartOf\":{\"@id\":\"https:\\\/\\\/framegirona.com\\\/#website\"},\"primaryImageOfPage\":{\"@id\":\"https:\\\/\\\/framegirona.com\\\/es\\\/marqueting-estacional\\\/#primaryimage\"},\"image\":{\"@id\":\"https:\\\/\\\/framegirona.com\\\/es\\\/marqueting-estacional\\\/#primaryimage\"},\"thumbnailUrl\":\"https:\\\/\\\/framegirona.com\\\/wp-content\\\/uploads\\\/2021\\\/11\\\/blog01.jpg\",\"datePublished\":\"2021-11-24T11:16:48+00:00\",\"dateModified\":\"2022-04-14T09:11:21+00:00\",\"description\":\"Existeixen diferents dates en les quals necessites una comunicaci\u00f3 espec\u00edfica, com Nadal, Rebaixes, etc. Utilitza el m\u00e0rqueting estacional.\",\"breadcrumb\":{\"@id\":\"https:\\\/\\\/framegirona.com\\\/es\\\/marqueting-estacional\\\/#breadcrumb\"},\"inLanguage\":\"es\",\"potentialAction\":[{\"@type\":\"ReadAction\",\"target\":[\"https:\\\/\\\/framegirona.com\\\/es\\\/marqueting-estacional\\\/\"]}]},{\"@type\":\"ImageObject\",\"inLanguage\":\"es\",\"@id\":\"https:\\\/\\\/framegirona.com\\\/es\\\/marqueting-estacional\\\/#primaryimage\",\"url\":\"https:\\\/\\\/framegirona.com\\\/wp-content\\\/uploads\\\/2021\\\/11\\\/blog01.jpg\",\"contentUrl\":\"https:\\\/\\\/framegirona.com\\\/wp-content\\\/uploads\\\/2021\\\/11\\\/blog01.jpg\",\"width\":1600,\"height\":684,\"caption\":\"marqueting estacional\"},{\"@type\":\"BreadcrumbList\",\"@id\":\"https:\\\/\\\/framegirona.com\\\/es\\\/marqueting-estacional\\\/#breadcrumb\",\"itemListElement\":[{\"@type\":\"ListItem\",\"position\":1,\"name\":\"Home\",\"item\":\"https:\\\/\\\/framegirona.com\\\/\"},{\"@type\":\"ListItem\",\"position\":2,\"name\":\"M\u00e0rqueting estacional\"}]},{\"@type\":\"WebSite\",\"@id\":\"https:\\\/\\\/framegirona.com\\\/#website\",\"url\":\"https:\\\/\\\/framegirona.com\\\/\",\"name\":\"Frame Girona Ag\u00e8ncia de publicitat\",\"description\":\"Agencia de comunicaci\u00f3n y publicidad\",\"publisher\":{\"@id\":\"https:\\\/\\\/framegirona.com\\\/#organization\"},\"alternateName\":\"Agencia de publicidad y dise\u00f1o en Girona y Barcelona\",\"potentialAction\":[{\"@type\":\"SearchAction\",\"target\":{\"@type\":\"EntryPoint\",\"urlTemplate\":\"https:\\\/\\\/framegirona.com\\\/?s={search_term_string}\"},\"query-input\":{\"@type\":\"PropertyValueSpecification\",\"valueRequired\":true,\"valueName\":\"search_term_string\"}}],\"inLanguage\":\"es\"},{\"@type\":\"Organization\",\"@id\":\"https:\\\/\\\/framegirona.com\\\/#organization\",\"name\":\"Frame Girona SL Ag\u00e8ncia de publicitat\",\"alternateName\":\"Frame Girona Comunicaci\u00f3, publicitat i disseny\",\"url\":\"https:\\\/\\\/framegirona.com\\\/\",\"logo\":{\"@type\":\"ImageObject\",\"inLanguage\":\"es\",\"@id\":\"https:\\\/\\\/framegirona.com\\\/#\\\/schema\\\/logo\\\/image\\\/\",\"url\":\"https:\\\/\\\/framegirona.com\\\/wp-content\\\/uploads\\\/2022\\\/09\\\/Logo-Frame.png\",\"contentUrl\":\"https:\\\/\\\/framegirona.com\\\/wp-content\\\/uploads\\\/2022\\\/09\\\/Logo-Frame.png\",\"width\":1748,\"height\":1334,\"caption\":\"Frame Girona SL Ag\u00e8ncia de publicitat\"},\"image\":{\"@id\":\"https:\\\/\\\/framegirona.com\\\/#\\\/schema\\\/logo\\\/image\\\/\"},\"sameAs\":[\"https:\\\/\\\/www.facebook.com\\\/framegirona\\\/\",\"https:\\\/\\\/www.linkedin.com\\\/company\\\/frame-girona\",\"https:\\\/\\\/www.instagram.com\\\/framegirona\\\/\"],\"description\":\"Ag\u00e8ncia de publicitat a Girona i la Costa Brava, especialitzats en disseny gr\u00e0fic, disseny i programaci\u00f3 web, posicionament de p\u00e0gines web i publicitat i comunicaci\u00f3 per empreses.\",\"email\":\"frame@framegirona.com\",\"telephone\":\"972 20 58 65\",\"legalName\":\"Frame Girona SL\",\"foundingDate\":\"1998-05-23\",\"numberOfEmployees\":{\"@type\":\"QuantitativeValue\",\"minValue\":\"1\",\"maxValue\":\"10\"},\"publishingPrinciples\":\"https:\\\/\\\/framegirona.com\\\/\",\"ownershipFundingInfo\":\"https:\\\/\\\/framegirona.com\\\/avis-legal\\\/\"},{\"@type\":\"Person\",\"@id\":\"https:\\\/\\\/framegirona.com\\\/#\\\/schema\\\/person\\\/e7080e4546ef696a7feeb00001bd2656\",\"name\":\"OCTAVI MUN\u00cd SERRA\",\"image\":{\"@type\":\"ImageObject\",\"inLanguage\":\"es\",\"@id\":\"https:\\\/\\\/secure.gravatar.com\\\/avatar\\\/7ccdc405037b71f391a45d9d27e0c76e7474d5e53b9554776989a01de66d58b8?s=96&d=mm&r=g\",\"url\":\"https:\\\/\\\/secure.gravatar.com\\\/avatar\\\/7ccdc405037b71f391a45d9d27e0c76e7474d5e53b9554776989a01de66d58b8?s=96&d=mm&r=g\",\"contentUrl\":\"https:\\\/\\\/secure.gravatar.com\\\/avatar\\\/7ccdc405037b71f391a45d9d27e0c76e7474d5e53b9554776989a01de66d58b8?s=96&d=mm&r=g\",\"caption\":\"OCTAVI MUN\u00cd SERRA\"},\"sameAs\":[\"https:\\\/\\\/framegirona.com\"]}]}<\/script>\n<!-- \/ Yoast SEO Premium plugin. -->","yoast_head_json":{"title":"M\u00e0rqueting estacional \u00b7 Comunicaci\u00f3 \u00b7 Frame Girona","description":"Existeixen diferents dates en les quals necessites una comunicaci\u00f3 espec\u00edfica, com Nadal, Rebaixes, etc. Utilitza el m\u00e0rqueting estacional.","robots":{"index":"index","follow":"follow","max-snippet":"max-snippet:-1","max-image-preview":"max-image-preview:large","max-video-preview":"max-video-preview:-1"},"canonical":"https:\/\/framegirona.com\/es\/marqueting-estacional\/","og_locale":"es_ES","og_type":"article","og_title":"M\u00e0rqueting estacional","og_description":"Existeixen diferents dates en les quals necessites una comunicaci\u00f3 espec\u00edfica, com Nadal, Rebaixes, etc. Utilitza el m\u00e0rqueting estacional.","og_url":"https:\/\/framegirona.com\/es\/marqueting-estacional\/","og_site_name":"Frame Girona","article_publisher":"https:\/\/www.facebook.com\/framegirona\/","article_published_time":"2021-11-24T11:16:48+00:00","article_modified_time":"2022-04-14T09:11:21+00:00","og_image":[{"width":1600,"height":684,"url":"https:\/\/framegirona.com\/wp-content\/uploads\/2021\/11\/blog01.jpg","type":"image\/jpeg"}],"author":"OCTAVI MUN\u00cd SERRA","twitter_card":"summary_large_image","twitter_misc":{"Escrito por":"OCTAVI MUN\u00cd SERRA","Tiempo de lectura":"4 minutos"},"schema":{"@context":"https:\/\/schema.org","@graph":[{"@type":"Article","@id":"https:\/\/framegirona.com\/es\/marqueting-estacional\/#article","isPartOf":{"@id":"https:\/\/framegirona.com\/es\/marqueting-estacional\/"},"author":{"name":"OCTAVI MUN\u00cd SERRA","@id":"https:\/\/framegirona.com\/#\/schema\/person\/e7080e4546ef696a7feeb00001bd2656"},"headline":"M\u00e0rqueting estacional","datePublished":"2021-11-24T11:16:48+00:00","dateModified":"2022-04-14T09:11:21+00:00","mainEntityOfPage":{"@id":"https:\/\/framegirona.com\/es\/marqueting-estacional\/"},"wordCount":760,"commentCount":0,"publisher":{"@id":"https:\/\/framegirona.com\/#organization"},"image":{"@id":"https:\/\/framegirona.com\/es\/marqueting-estacional\/#primaryimage"},"thumbnailUrl":"https:\/\/framegirona.com\/wp-content\/uploads\/2021\/11\/blog01.jpg","articleSection":["Comunicaci\u00f3"],"inLanguage":"es","potentialAction":[{"@type":"CommentAction","name":"Comment","target":["https:\/\/framegirona.com\/es\/marqueting-estacional\/#respond"]}]},{"@type":"WebPage","@id":"https:\/\/framegirona.com\/es\/marqueting-estacional\/","url":"https:\/\/framegirona.com\/es\/marqueting-estacional\/","name":"M\u00e0rqueting estacional \u00b7 Comunicaci\u00f3 \u00b7 Frame Girona","isPartOf":{"@id":"https:\/\/framegirona.com\/#website"},"primaryImageOfPage":{"@id":"https:\/\/framegirona.com\/es\/marqueting-estacional\/#primaryimage"},"image":{"@id":"https:\/\/framegirona.com\/es\/marqueting-estacional\/#primaryimage"},"thumbnailUrl":"https:\/\/framegirona.com\/wp-content\/uploads\/2021\/11\/blog01.jpg","datePublished":"2021-11-24T11:16:48+00:00","dateModified":"2022-04-14T09:11:21+00:00","description":"Existeixen diferents dates en les quals necessites una comunicaci\u00f3 espec\u00edfica, com Nadal, Rebaixes, etc. Utilitza el m\u00e0rqueting estacional.","breadcrumb":{"@id":"https:\/\/framegirona.com\/es\/marqueting-estacional\/#breadcrumb"},"inLanguage":"es","potentialAction":[{"@type":"ReadAction","target":["https:\/\/framegirona.com\/es\/marqueting-estacional\/"]}]},{"@type":"ImageObject","inLanguage":"es","@id":"https:\/\/framegirona.com\/es\/marqueting-estacional\/#primaryimage","url":"https:\/\/framegirona.com\/wp-content\/uploads\/2021\/11\/blog01.jpg","contentUrl":"https:\/\/framegirona.com\/wp-content\/uploads\/2021\/11\/blog01.jpg","width":1600,"height":684,"caption":"marqueting estacional"},{"@type":"BreadcrumbList","@id":"https:\/\/framegirona.com\/es\/marqueting-estacional\/#breadcrumb","itemListElement":[{"@type":"ListItem","position":1,"name":"Home","item":"https:\/\/framegirona.com\/"},{"@type":"ListItem","position":2,"name":"M\u00e0rqueting estacional"}]},{"@type":"WebSite","@id":"https:\/\/framegirona.com\/#website","url":"https:\/\/framegirona.com\/","name":"Frame Girona Agencia de publicidad","description":"Agencia de comunicaci\u00f3n y publicidad","publisher":{"@id":"https:\/\/framegirona.com\/#organization"},"alternateName":"Agencia de publicidad y dise\u00f1o en Girona y Barcelona","potentialAction":[{"@type":"SearchAction","target":{"@type":"EntryPoint","urlTemplate":"https:\/\/framegirona.com\/?s={search_term_string}"},"query-input":{"@type":"PropertyValueSpecification","valueRequired":true,"valueName":"search_term_string"}}],"inLanguage":"es"},{"@type":"Organization","@id":"https:\/\/framegirona.com\/#organization","name":"Frame Girona SL Agencia de publicidad","alternateName":"Frame Girona Comunicaci\u00f3, publicitat i disseny","url":"https:\/\/framegirona.com\/","logo":{"@type":"ImageObject","inLanguage":"es","@id":"https:\/\/framegirona.com\/#\/schema\/logo\/image\/","url":"https:\/\/framegirona.com\/wp-content\/uploads\/2022\/09\/Logo-Frame.png","contentUrl":"https:\/\/framegirona.com\/wp-content\/uploads\/2022\/09\/Logo-Frame.png","width":1748,"height":1334,"caption":"Frame Girona SL Ag\u00e8ncia de publicitat"},"image":{"@id":"https:\/\/framegirona.com\/#\/schema\/logo\/image\/"},"sameAs":["https:\/\/www.facebook.com\/framegirona\/","https:\/\/www.linkedin.com\/company\/frame-girona","https:\/\/www.instagram.com\/framegirona\/"],"description":"Agencia de publicidad en Girona y la Costa Brava, especializados en dise\u00f1o gr\u00e1fico, dise\u00f1o y programaci\u00f3n web, posicionamiento de p\u00e1ginas web y publicidad y comunicaci\u00f3n por empresas.","email":"frame@framegirona.com","telephone":"972 20 58 65","legalName":"Frame Girona SL","foundingDate":"1998-05-23","numberOfEmployees":{"@type":"QuantitativeValue","minValue":"1","maxValue":"10"},"publishingPrinciples":"https:\/\/framegirona.com\/","ownershipFundingInfo":"https:\/\/framegirona.com\/avis-legal\/"},{"@type":"Person","@id":"https:\/\/framegirona.com\/#\/schema\/person\/e7080e4546ef696a7feeb00001bd2656","name":"OCTAVI MUN\u00cd SERRA","image":{"@type":"ImageObject","inLanguage":"es","@id":"https:\/\/secure.gravatar.com\/avatar\/7ccdc405037b71f391a45d9d27e0c76e7474d5e53b9554776989a01de66d58b8?s=96&d=mm&r=g","url":"https:\/\/secure.gravatar.com\/avatar\/7ccdc405037b71f391a45d9d27e0c76e7474d5e53b9554776989a01de66d58b8?s=96&d=mm&r=g","contentUrl":"https:\/\/secure.gravatar.com\/avatar\/7ccdc405037b71f391a45d9d27e0c76e7474d5e53b9554776989a01de66d58b8?s=96&d=mm&r=g","caption":"OCTAVI MUN\u00cd SERRA"},"sameAs":["https:\/\/framegirona.com"]}]}},"_links":{"self":[{"href":"https:\/\/framegirona.com\/es\/wp-json\/wp\/v2\/posts\/9670","targetHints":{"allow":["GET"]}}],"collection":[{"href":"https:\/\/framegirona.com\/es\/wp-json\/wp\/v2\/posts"}],"about":[{"href":"https:\/\/framegirona.com\/es\/wp-json\/wp\/v2\/types\/post"}],"author":[{"embeddable":true,"href":"https:\/\/framegirona.com\/es\/wp-json\/wp\/v2\/users\/1"}],"replies":[{"embeddable":true,"href":"https:\/\/framegirona.com\/es\/wp-json\/wp\/v2\/comments?post=9670"}],"version-history":[{"count":0,"href":"https:\/\/framegirona.com\/es\/wp-json\/wp\/v2\/posts\/9670\/revisions"}],"wp:featuredmedia":[{"embeddable":true,"href":"https:\/\/framegirona.com\/es\/wp-json\/wp\/v2\/media\/11430"}],"wp:attachment":[{"href":"https:\/\/framegirona.com\/es\/wp-json\/wp\/v2\/media?parent=9670"}],"wp:term":[{"taxonomy":"category","embeddable":true,"href":"https:\/\/framegirona.com\/es\/wp-json\/wp\/v2\/categories?post=9670"},{"taxonomy":"post_tag","embeddable":true,"href":"https:\/\/framegirona.com\/es\/wp-json\/wp\/v2\/tags?post=9670"}],"curies":[{"name":"wp","href":"https:\/\/api.w.org\/{rel}","templated":true}]}}