{"id":580,"date":"2020-08-24T16:36:05","date_gmt":"2020-08-24T14:36:05","guid":{"rendered":"https:\/\/www.framegirona.com\/?p=580"},"modified":"2022-04-14T11:35:17","modified_gmt":"2022-04-14T09:35:17","slug":"sistema-integrat-de-reserves-autogestiona-els-teus-horaris","status":"publish","type":"post","link":"https:\/\/framegirona.com\/es\/sistema-integrat-de-reserves-autogestiona-els-teus-horaris\/","title":{"rendered":"Sistema integrado de reservas: autogestiona tus horarios."},"content":{"rendered":"<h4 style=\"text-align: left;\">GESTIONA TUS CITAS: SISTEMA INTEGRADO DE RESERVAS<\/h4>\n<p class=\"p1\"><span class=\"s1\"><b>Te encuentras que te entran reservas durante la noche e incluso fines de semana (que es cuando se hacen la mayor\u00eda de reservas y las empresas est\u00e1n cerradas). Esto te obliga a gestionarlas fuera de horas de trabajo, o bien dejar el cliente esperando respuesta e inquieto. No pierdas la venta. Te encantar\u00e1 saber que te podemos arreglar todos estos problemas y seguramente algunos m\u00e1s.<\/b><\/span><\/p>\n<p>La gesti\u00f3n de los horarios, ya sea de la disponibilidad de los servicios, como de los trabajadores o como de las reservas de los clientes, es una de las tareas m\u00e1s importantes, delicadas y que requieren m\u00e1s tiempo. Si eres una empresa de servicios de salud, deporte y belleza, servicios legales, restaurante, academias, aut\u00f3nomo\u2026 y te encuentras uno de estos dos problemas.<\/p>\n<p>\u221a <strong>Todav\u00eda no tienes sistema de reservas<\/strong>: ofreces un tel\u00e9fono, un email, un Whatsapp o un formulario en el web a trav\u00e9s del cual te hacen las reservas. O todav\u00eda m\u00e1s complicado, todas estas opciones a la vez. Y todav\u00eda vamos m\u00e1s all\u00e1: lo acabas anotando todo a la agenda de papel, que incluso compart\u00eds con los compa\u00f1eros\u2026 Qu\u00e9 estr\u00e9s, \u00bfverdad?<\/p>\n<p>\u221a <strong>Tu sistema de reservas es demasiado complicado o le faltan servicios<\/strong>: ya lo tienes operativo, pero no le sacas partido porque te lleva demasiados quebraderos de cabeza, o incluso lo has abandonado definitivamente porque no responde a tus necesidades, y te hace perder el tiempo. Seguramente hayas acabado con sistemas manuales\u2026 Los de toda la vida, \u00bfcierto?<\/p>\n<p>Adem\u00e1s, te encuentras que <strong>te entran reservas durante la noche e incluso fines de semana<\/strong> (que es cuando se hacen la mayor\u00eda de reservas y las empresas est\u00e1n cerradas). Esto te obliga a gestionarlas fuera de horas de trabajo, o bien dejar al cliente esperando respuesta e inquieto. No pierdas la venta. Te encantar\u00e1 saber que te podemos arreglar todos estos problemas y seguramente algunos m\u00e1s.\u00a0<span class=\"s1\">Te presentamos el <strong>Sistema Integrado de Reservas de Frame Girona<\/strong> con el que centralizar\u00e1s todas las reservas (incluso de varios centros a la vez), con actualizaciones a tiempo real, sistema de alerta personalizado, gesti\u00f3n desde tu dispositivo (o cualquiera de la empresa, no hace falta un ordenador central) e integrado con Google Calendar. Ten abiertas las reservas 24 horas en el d\u00eda, 7 d\u00edas en la semana.<\/span><\/p>\n<p>Muestras reales de clientes: 4Mans, clica <a href=\"https:\/\/www.4mans.cat\" target=\"_blank\" rel=\"noopener noreferrer\"><strong>aqu\u00ed!<\/strong><\/a> Rut&#039;s Barber Shop, clica<a href=\"https:\/\/www.rutsbarbershop.com\" target=\"_blank\" rel=\"noopener noreferrer\"><strong> aqu\u00ed!<\/strong><\/a><\/p>\n<p>&nbsp;<\/p>","protected":false},"excerpt":{"rendered":"<p>&#8220;Ja no haur\u00e0s d\u2019estar tot el dia pendent de trucades, missatges, emails, grups de WhatsApp\u2026 El component ho fa per tu.&#8221;<\/p>","protected":false},"author":1,"featured_media":11449,"comment_status":"open","ping_status":"closed","sticky":false,"template":"","format":"standard","meta":{"footnotes":""},"categories":[15,3],"tags":[],"class_list":["post-580","post","type-post","status-publish","format-standard","has-post-thumbnail","hentry","category-multimedia","category-online"],"yoast_head":"<!-- This site is optimized with the Yoast SEO Premium plugin v24.2 (Yoast SEO v27.5) - https:\/\/yoast.com\/product\/yoast-seo-premium-wordpress\/ -->\n<title>Sistema integrat de reserves: autogestiona els teus horaris. &#183; Frame Girona<\/title>\n<meta name=\"description\" content=\"Amb el Sistema Integrat de Reserves centralitzar\u00e0s les reserves, amb actualitzacions a temps real, alerta personalitzada i gesti\u00f3 des del teu dispositiu.\" \/>\n<meta name=\"robots\" content=\"index, follow, max-snippet:-1, max-image-preview:large, max-video-preview:-1\" \/>\n<link rel=\"canonical\" href=\"https:\/\/framegirona.com\/es\/sistema-integrat-de-reserves-autogestiona-els-teus-horaris\/\" \/>\n<meta property=\"og:locale\" content=\"es_ES\" \/>\n<meta property=\"og:type\" content=\"article\" \/>\n<meta property=\"og:title\" content=\"Sistema integrat de reserves: autogestiona els teus horaris.\" \/>\n<meta property=\"og:description\" content=\"Amb el Sistema Integrat de Reserves centralitzar\u00e0s les reserves, amb actualitzacions a temps real, alerta personalitzada i gesti\u00f3 des del teu dispositiu.\" \/>\n<meta property=\"og:url\" content=\"https:\/\/framegirona.com\/es\/sistema-integrat-de-reserves-autogestiona-els-teus-horaris\/\" \/>\n<meta property=\"og:site_name\" content=\"Frame Girona\" \/>\n<meta property=\"article:publisher\" content=\"https:\/\/www.facebook.com\/framegirona\/\" \/>\n<meta property=\"article:published_time\" content=\"2020-08-24T14:36:05+00:00\" \/>\n<meta property=\"article:modified_time\" content=\"2022-04-14T09:35:17+00:00\" \/>\n<meta property=\"og:image\" content=\"https:\/\/framegirona.com\/wp-content\/uploads\/2020\/08\/blog09.jpg\" \/>\n\t<meta property=\"og:image:width\" content=\"1550\" \/>\n\t<meta property=\"og:image:height\" content=\"640\" \/>\n\t<meta property=\"og:image:type\" content=\"image\/jpeg\" \/>\n<meta name=\"author\" content=\"OCTAVI MUN\u00cd SERRA\" \/>\n<meta name=\"twitter:card\" content=\"summary_large_image\" \/>\n<meta name=\"twitter:label1\" content=\"Escrito por\" \/>\n\t<meta name=\"twitter:data1\" content=\"OCTAVI MUN\u00cd SERRA\" \/>\n\t<meta name=\"twitter:label2\" content=\"Tiempo de lectura\" \/>\n\t<meta name=\"twitter:data2\" content=\"2 minutos\" \/>\n<script type=\"application\/ld+json\" class=\"yoast-schema-graph\">{\"@context\":\"https:\\\/\\\/schema.org\",\"@graph\":[{\"@type\":\"Article\",\"@id\":\"https:\\\/\\\/framegirona.com\\\/sistema-integrat-de-reserves-autogestiona-els-teus-horaris\\\/#article\",\"isPartOf\":{\"@id\":\"https:\\\/\\\/framegirona.com\\\/sistema-integrat-de-reserves-autogestiona-els-teus-horaris\\\/\"},\"author\":{\"name\":\"OCTAVI MUN\u00cd SERRA\",\"@id\":\"https:\\\/\\\/framegirona.com\\\/#\\\/schema\\\/person\\\/e7080e4546ef696a7feeb00001bd2656\"},\"headline\":\"Sistema integrat de reserves: autogestiona els teus horaris.\",\"datePublished\":\"2020-08-24T14:36:05+00:00\",\"dateModified\":\"2022-04-14T09:35:17+00:00\",\"mainEntityOfPage\":{\"@id\":\"https:\\\/\\\/framegirona.com\\\/sistema-integrat-de-reserves-autogestiona-els-teus-horaris\\\/\"},\"wordCount\":421,\"commentCount\":0,\"publisher\":{\"@id\":\"https:\\\/\\\/framegirona.com\\\/#organization\"},\"image\":{\"@id\":\"https:\\\/\\\/framegirona.com\\\/sistema-integrat-de-reserves-autogestiona-els-teus-horaris\\\/#primaryimage\"},\"thumbnailUrl\":\"https:\\\/\\\/framegirona.com\\\/wp-content\\\/uploads\\\/2020\\\/08\\\/blog09.jpg\",\"articleSection\":[\"Multim\u00e8dia\",\"Online\"],\"inLanguage\":\"es\",\"potentialAction\":[{\"@type\":\"CommentAction\",\"name\":\"Comment\",\"target\":[\"https:\\\/\\\/framegirona.com\\\/sistema-integrat-de-reserves-autogestiona-els-teus-horaris\\\/#respond\"]}]},{\"@type\":\"WebPage\",\"@id\":\"https:\\\/\\\/framegirona.com\\\/sistema-integrat-de-reserves-autogestiona-els-teus-horaris\\\/\",\"url\":\"https:\\\/\\\/framegirona.com\\\/sistema-integrat-de-reserves-autogestiona-els-teus-horaris\\\/\",\"name\":\"Sistema integrat de reserves: autogestiona els teus horaris. &#183; Frame Girona\",\"isPartOf\":{\"@id\":\"https:\\\/\\\/framegirona.com\\\/#website\"},\"primaryImageOfPage\":{\"@id\":\"https:\\\/\\\/framegirona.com\\\/sistema-integrat-de-reserves-autogestiona-els-teus-horaris\\\/#primaryimage\"},\"image\":{\"@id\":\"https:\\\/\\\/framegirona.com\\\/sistema-integrat-de-reserves-autogestiona-els-teus-horaris\\\/#primaryimage\"},\"thumbnailUrl\":\"https:\\\/\\\/framegirona.com\\\/wp-content\\\/uploads\\\/2020\\\/08\\\/blog09.jpg\",\"datePublished\":\"2020-08-24T14:36:05+00:00\",\"dateModified\":\"2022-04-14T09:35:17+00:00\",\"description\":\"Amb el Sistema Integrat de Reserves centralitzar\u00e0s les reserves, amb actualitzacions a temps real, alerta personalitzada i gesti\u00f3 des del teu dispositiu.\",\"breadcrumb\":{\"@id\":\"https:\\\/\\\/framegirona.com\\\/sistema-integrat-de-reserves-autogestiona-els-teus-horaris\\\/#breadcrumb\"},\"inLanguage\":\"es\",\"potentialAction\":[{\"@type\":\"ReadAction\",\"target\":[\"https:\\\/\\\/framegirona.com\\\/sistema-integrat-de-reserves-autogestiona-els-teus-horaris\\\/\"]}]},{\"@type\":\"ImageObject\",\"inLanguage\":\"es\",\"@id\":\"https:\\\/\\\/framegirona.com\\\/sistema-integrat-de-reserves-autogestiona-els-teus-horaris\\\/#primaryimage\",\"url\":\"https:\\\/\\\/framegirona.com\\\/wp-content\\\/uploads\\\/2020\\\/08\\\/blog09.jpg\",\"contentUrl\":\"https:\\\/\\\/framegirona.com\\\/wp-content\\\/uploads\\\/2020\\\/08\\\/blog09.jpg\",\"width\":1550,\"height\":640,\"caption\":\"sistema reserves\"},{\"@type\":\"BreadcrumbList\",\"@id\":\"https:\\\/\\\/framegirona.com\\\/sistema-integrat-de-reserves-autogestiona-els-teus-horaris\\\/#breadcrumb\",\"itemListElement\":[{\"@type\":\"ListItem\",\"position\":1,\"name\":\"Home\",\"item\":\"https:\\\/\\\/framegirona.com\\\/\"},{\"@type\":\"ListItem\",\"position\":2,\"name\":\"Sistema integrat de reserves: autogestiona els teus horaris.\"}]},{\"@type\":\"WebSite\",\"@id\":\"https:\\\/\\\/framegirona.com\\\/#website\",\"url\":\"https:\\\/\\\/framegirona.com\\\/\",\"name\":\"Frame Girona Ag\u00e8ncia de publicitat\",\"description\":\"Agencia de comunicaci\u00f3n y publicidad\",\"publisher\":{\"@id\":\"https:\\\/\\\/framegirona.com\\\/#organization\"},\"alternateName\":\"Agencia de publicidad y dise\u00f1o en Girona y Barcelona\",\"potentialAction\":[{\"@type\":\"SearchAction\",\"target\":{\"@type\":\"EntryPoint\",\"urlTemplate\":\"https:\\\/\\\/framegirona.com\\\/?s={search_term_string}\"},\"query-input\":{\"@type\":\"PropertyValueSpecification\",\"valueRequired\":true,\"valueName\":\"search_term_string\"}}],\"inLanguage\":\"es\"},{\"@type\":\"Organization\",\"@id\":\"https:\\\/\\\/framegirona.com\\\/#organization\",\"name\":\"Frame Girona SL Ag\u00e8ncia de publicitat\",\"alternateName\":\"Frame Girona Comunicaci\u00f3, publicitat i disseny\",\"url\":\"https:\\\/\\\/framegirona.com\\\/\",\"logo\":{\"@type\":\"ImageObject\",\"inLanguage\":\"es\",\"@id\":\"https:\\\/\\\/framegirona.com\\\/#\\\/schema\\\/logo\\\/image\\\/\",\"url\":\"https:\\\/\\\/framegirona.com\\\/wp-content\\\/uploads\\\/2022\\\/09\\\/Logo-Frame.png\",\"contentUrl\":\"https:\\\/\\\/framegirona.com\\\/wp-content\\\/uploads\\\/2022\\\/09\\\/Logo-Frame.png\",\"width\":1748,\"height\":1334,\"caption\":\"Frame Girona SL Ag\u00e8ncia de publicitat\"},\"image\":{\"@id\":\"https:\\\/\\\/framegirona.com\\\/#\\\/schema\\\/logo\\\/image\\\/\"},\"sameAs\":[\"https:\\\/\\\/www.facebook.com\\\/framegirona\\\/\",\"https:\\\/\\\/www.linkedin.com\\\/company\\\/frame-girona\",\"https:\\\/\\\/www.instagram.com\\\/framegirona\\\/\"],\"description\":\"Ag\u00e8ncia de publicitat a Girona i la Costa Brava, especialitzats en disseny gr\u00e0fic, disseny i programaci\u00f3 web, posicionament de p\u00e0gines web i publicitat i comunicaci\u00f3 per empreses.\",\"email\":\"frame@framegirona.com\",\"telephone\":\"972 20 58 65\",\"legalName\":\"Frame Girona SL\",\"foundingDate\":\"1998-05-23\",\"numberOfEmployees\":{\"@type\":\"QuantitativeValue\",\"minValue\":\"1\",\"maxValue\":\"10\"},\"publishingPrinciples\":\"https:\\\/\\\/framegirona.com\\\/\",\"ownershipFundingInfo\":\"https:\\\/\\\/framegirona.com\\\/avis-legal\\\/\"},{\"@type\":\"Person\",\"@id\":\"https:\\\/\\\/framegirona.com\\\/#\\\/schema\\\/person\\\/e7080e4546ef696a7feeb00001bd2656\",\"name\":\"OCTAVI MUN\u00cd SERRA\",\"image\":{\"@type\":\"ImageObject\",\"inLanguage\":\"es\",\"@id\":\"https:\\\/\\\/secure.gravatar.com\\\/avatar\\\/7ccdc405037b71f391a45d9d27e0c76e7474d5e53b9554776989a01de66d58b8?s=96&d=mm&r=g\",\"url\":\"https:\\\/\\\/secure.gravatar.com\\\/avatar\\\/7ccdc405037b71f391a45d9d27e0c76e7474d5e53b9554776989a01de66d58b8?s=96&d=mm&r=g\",\"contentUrl\":\"https:\\\/\\\/secure.gravatar.com\\\/avatar\\\/7ccdc405037b71f391a45d9d27e0c76e7474d5e53b9554776989a01de66d58b8?s=96&d=mm&r=g\",\"caption\":\"OCTAVI MUN\u00cd SERRA\"},\"sameAs\":[\"https:\\\/\\\/framegirona.com\"]}]}<\/script>\n<!-- \/ Yoast SEO Premium plugin. -->","yoast_head_json":{"title":"Sistema integrat de reserves: autogestiona els teus horaris. &#183; Frame Girona","description":"Amb el Sistema Integrat de Reserves centralitzar\u00e0s les reserves, amb actualitzacions a temps real, alerta personalitzada i gesti\u00f3 des del teu dispositiu.","robots":{"index":"index","follow":"follow","max-snippet":"max-snippet:-1","max-image-preview":"max-image-preview:large","max-video-preview":"max-video-preview:-1"},"canonical":"https:\/\/framegirona.com\/es\/sistema-integrat-de-reserves-autogestiona-els-teus-horaris\/","og_locale":"es_ES","og_type":"article","og_title":"Sistema integrat de reserves: autogestiona els teus horaris.","og_description":"Amb el Sistema Integrat de Reserves centralitzar\u00e0s les reserves, amb actualitzacions a temps real, alerta personalitzada i gesti\u00f3 des del teu dispositiu.","og_url":"https:\/\/framegirona.com\/es\/sistema-integrat-de-reserves-autogestiona-els-teus-horaris\/","og_site_name":"Frame Girona","article_publisher":"https:\/\/www.facebook.com\/framegirona\/","article_published_time":"2020-08-24T14:36:05+00:00","article_modified_time":"2022-04-14T09:35:17+00:00","og_image":[{"width":1550,"height":640,"url":"https:\/\/framegirona.com\/wp-content\/uploads\/2020\/08\/blog09.jpg","type":"image\/jpeg"}],"author":"OCTAVI MUN\u00cd SERRA","twitter_card":"summary_large_image","twitter_misc":{"Escrito por":"OCTAVI MUN\u00cd SERRA","Tiempo de lectura":"2 minutos"},"schema":{"@context":"https:\/\/schema.org","@graph":[{"@type":"Article","@id":"https:\/\/framegirona.com\/sistema-integrat-de-reserves-autogestiona-els-teus-horaris\/#article","isPartOf":{"@id":"https:\/\/framegirona.com\/sistema-integrat-de-reserves-autogestiona-els-teus-horaris\/"},"author":{"name":"OCTAVI MUN\u00cd SERRA","@id":"https:\/\/framegirona.com\/#\/schema\/person\/e7080e4546ef696a7feeb00001bd2656"},"headline":"Sistema integrat de reserves: autogestiona els teus horaris.","datePublished":"2020-08-24T14:36:05+00:00","dateModified":"2022-04-14T09:35:17+00:00","mainEntityOfPage":{"@id":"https:\/\/framegirona.com\/sistema-integrat-de-reserves-autogestiona-els-teus-horaris\/"},"wordCount":421,"commentCount":0,"publisher":{"@id":"https:\/\/framegirona.com\/#organization"},"image":{"@id":"https:\/\/framegirona.com\/sistema-integrat-de-reserves-autogestiona-els-teus-horaris\/#primaryimage"},"thumbnailUrl":"https:\/\/framegirona.com\/wp-content\/uploads\/2020\/08\/blog09.jpg","articleSection":["Multim\u00e8dia","Online"],"inLanguage":"es","potentialAction":[{"@type":"CommentAction","name":"Comment","target":["https:\/\/framegirona.com\/sistema-integrat-de-reserves-autogestiona-els-teus-horaris\/#respond"]}]},{"@type":"WebPage","@id":"https:\/\/framegirona.com\/sistema-integrat-de-reserves-autogestiona-els-teus-horaris\/","url":"https:\/\/framegirona.com\/sistema-integrat-de-reserves-autogestiona-els-teus-horaris\/","name":"Sistema integrat de reserves: autogestiona els teus horaris. &#183; Frame Girona","isPartOf":{"@id":"https:\/\/framegirona.com\/#website"},"primaryImageOfPage":{"@id":"https:\/\/framegirona.com\/sistema-integrat-de-reserves-autogestiona-els-teus-horaris\/#primaryimage"},"image":{"@id":"https:\/\/framegirona.com\/sistema-integrat-de-reserves-autogestiona-els-teus-horaris\/#primaryimage"},"thumbnailUrl":"https:\/\/framegirona.com\/wp-content\/uploads\/2020\/08\/blog09.jpg","datePublished":"2020-08-24T14:36:05+00:00","dateModified":"2022-04-14T09:35:17+00:00","description":"Amb el Sistema Integrat de Reserves centralitzar\u00e0s les reserves, amb actualitzacions a temps real, alerta personalitzada i gesti\u00f3 des del teu dispositiu.","breadcrumb":{"@id":"https:\/\/framegirona.com\/sistema-integrat-de-reserves-autogestiona-els-teus-horaris\/#breadcrumb"},"inLanguage":"es","potentialAction":[{"@type":"ReadAction","target":["https:\/\/framegirona.com\/sistema-integrat-de-reserves-autogestiona-els-teus-horaris\/"]}]},{"@type":"ImageObject","inLanguage":"es","@id":"https:\/\/framegirona.com\/sistema-integrat-de-reserves-autogestiona-els-teus-horaris\/#primaryimage","url":"https:\/\/framegirona.com\/wp-content\/uploads\/2020\/08\/blog09.jpg","contentUrl":"https:\/\/framegirona.com\/wp-content\/uploads\/2020\/08\/blog09.jpg","width":1550,"height":640,"caption":"sistema reserves"},{"@type":"BreadcrumbList","@id":"https:\/\/framegirona.com\/sistema-integrat-de-reserves-autogestiona-els-teus-horaris\/#breadcrumb","itemListElement":[{"@type":"ListItem","position":1,"name":"Home","item":"https:\/\/framegirona.com\/"},{"@type":"ListItem","position":2,"name":"Sistema integrat de reserves: autogestiona els teus horaris."}]},{"@type":"WebSite","@id":"https:\/\/framegirona.com\/#website","url":"https:\/\/framegirona.com\/","name":"Frame Girona Agencia de publicidad","description":"Agencia de comunicaci\u00f3n y publicidad","publisher":{"@id":"https:\/\/framegirona.com\/#organization"},"alternateName":"Agencia de publicidad y dise\u00f1o en Girona y Barcelona","potentialAction":[{"@type":"SearchAction","target":{"@type":"EntryPoint","urlTemplate":"https:\/\/framegirona.com\/?s={search_term_string}"},"query-input":{"@type":"PropertyValueSpecification","valueRequired":true,"valueName":"search_term_string"}}],"inLanguage":"es"},{"@type":"Organization","@id":"https:\/\/framegirona.com\/#organization","name":"Frame Girona SL Agencia de publicidad","alternateName":"Frame Girona Comunicaci\u00f3, publicitat i disseny","url":"https:\/\/framegirona.com\/","logo":{"@type":"ImageObject","inLanguage":"es","@id":"https:\/\/framegirona.com\/#\/schema\/logo\/image\/","url":"https:\/\/framegirona.com\/wp-content\/uploads\/2022\/09\/Logo-Frame.png","contentUrl":"https:\/\/framegirona.com\/wp-content\/uploads\/2022\/09\/Logo-Frame.png","width":1748,"height":1334,"caption":"Frame Girona SL Ag\u00e8ncia de publicitat"},"image":{"@id":"https:\/\/framegirona.com\/#\/schema\/logo\/image\/"},"sameAs":["https:\/\/www.facebook.com\/framegirona\/","https:\/\/www.linkedin.com\/company\/frame-girona","https:\/\/www.instagram.com\/framegirona\/"],"description":"Agencia de publicidad en Girona y la Costa Brava, especializados en dise\u00f1o gr\u00e1fico, dise\u00f1o y programaci\u00f3n web, posicionamiento de p\u00e1ginas web y publicidad y comunicaci\u00f3n por empresas.","email":"frame@framegirona.com","telephone":"972 20 58 65","legalName":"Frame Girona SL","foundingDate":"1998-05-23","numberOfEmployees":{"@type":"QuantitativeValue","minValue":"1","maxValue":"10"},"publishingPrinciples":"https:\/\/framegirona.com\/","ownershipFundingInfo":"https:\/\/framegirona.com\/avis-legal\/"},{"@type":"Person","@id":"https:\/\/framegirona.com\/#\/schema\/person\/e7080e4546ef696a7feeb00001bd2656","name":"OCTAVI MUN\u00cd SERRA","image":{"@type":"ImageObject","inLanguage":"es","@id":"https:\/\/secure.gravatar.com\/avatar\/7ccdc405037b71f391a45d9d27e0c76e7474d5e53b9554776989a01de66d58b8?s=96&d=mm&r=g","url":"https:\/\/secure.gravatar.com\/avatar\/7ccdc405037b71f391a45d9d27e0c76e7474d5e53b9554776989a01de66d58b8?s=96&d=mm&r=g","contentUrl":"https:\/\/secure.gravatar.com\/avatar\/7ccdc405037b71f391a45d9d27e0c76e7474d5e53b9554776989a01de66d58b8?s=96&d=mm&r=g","caption":"OCTAVI MUN\u00cd SERRA"},"sameAs":["https:\/\/framegirona.com"]}]}},"_links":{"self":[{"href":"https:\/\/framegirona.com\/es\/wp-json\/wp\/v2\/posts\/580","targetHints":{"allow":["GET"]}}],"collection":[{"href":"https:\/\/framegirona.com\/es\/wp-json\/wp\/v2\/posts"}],"about":[{"href":"https:\/\/framegirona.com\/es\/wp-json\/wp\/v2\/types\/post"}],"author":[{"embeddable":true,"href":"https:\/\/framegirona.com\/es\/wp-json\/wp\/v2\/users\/1"}],"replies":[{"embeddable":true,"href":"https:\/\/framegirona.com\/es\/wp-json\/wp\/v2\/comments?post=580"}],"version-history":[{"count":0,"href":"https:\/\/framegirona.com\/es\/wp-json\/wp\/v2\/posts\/580\/revisions"}],"wp:featuredmedia":[{"embeddable":true,"href":"https:\/\/framegirona.com\/es\/wp-json\/wp\/v2\/media\/11449"}],"wp:attachment":[{"href":"https:\/\/framegirona.com\/es\/wp-json\/wp\/v2\/media?parent=580"}],"wp:term":[{"taxonomy":"category","embeddable":true,"href":"https:\/\/framegirona.com\/es\/wp-json\/wp\/v2\/categories?post=580"},{"taxonomy":"post_tag","embeddable":true,"href":"https:\/\/framegirona.com\/es\/wp-json\/wp\/v2\/tags?post=580"}],"curies":[{"name":"wp","href":"https:\/\/api.w.org\/{rel}","templated":true}]}}