{"id":576,"date":"2020-05-24T16:34:52","date_gmt":"2020-05-24T14:34:52","guid":{"rendered":"https:\/\/www.framegirona.com\/?p=576"},"modified":"2020-10-08T10:42:23","modified_gmt":"2020-10-08T08:42:23","slug":"passat-a-lapp-facil-rapid-i-economic","status":"publish","type":"post","link":"https:\/\/framegirona.com\/es\/passat-a-lapp-facil-rapid-i-economic\/","title":{"rendered":"P\u00e1sate a la app: f\u00e1cil, r\u00e1pido y econ\u00f3mico"},"content":{"rendered":"<p><strong>Hablamos de la importancia de la tecnolog\u00eda aplicada al sector de la comunicaci\u00f3n; el porqu\u00e9 de digitalizar todo el contenido de la marca y apostar por una versi\u00f3n digital. \u00bfNos encontramos ante una nueva tendencia o de una necesidad?<\/strong><\/p>\n<p>El impacto que ha tenido la <strong>digitalitzaci\u00f3n<\/strong> sobre las empresas, los comercios o bien, simplemente sobre los ciudadanos es innegable. La forma en que las empresas se relacionan entre s\u00ed y con los clientes ha hecho una vuelta de 180\u00b0. La cuesti\u00f3n de la digitalizaci\u00f3n radica en el hecho que por las personas individuales ha resultado ser un cambio en sus vidas, una actualizaci\u00f3n m\u00e1s en su d\u00eda a d\u00eda, sin embargo, en el mundo empresarial si no superas esta frontera desapareces, y por tanto, se resume en una materia de supervivencia. \u00bfEs tu marca una superviviente?<\/p>\n<p class=\"translation-block\">Introd\u00facete en el mundo de las  <strong>App<\/strong>. El usuario recibe un bombardeo diario de mensajes y sonidos, y que los reciba no significa necesariamente que los integre como tales sino que los rechaza o incluso ni los ve. Es por este motivo que busca la sencillez y con la app puedes ofrecerlo. En un solo <strong>canal<\/strong> puedes incluir todo aquello que hasta ahora has hecho con publicaciones a papel: memorias, acontecimientos, e-learning, encuestas, cat\u00e1logos y revista interactiva, entre todas las opciones que puedas necesitar. Una vez te has pasado a la web, email y whatsapp \u00bfcomo es que todav\u00eda usas el papel en tus publicaciones? Tener tu propia app nunca ha sido tan f\u00e1cil, econ\u00f3mico y r\u00e1pido. Te permite <strong>conectar<\/strong> siempre y con cada persona.<\/p>\n<p>Las <strong>prestaciones econ\u00f3micas<\/strong> son \u00fanicas y permiten captar y <strong>fidelizar<\/strong> tus clientes, adem\u00e1s de reducir los costes y ahorrar. Desde Frame Girona sabemos que tu marca tiene un potencial para explotar y un gran abanico de opciones para compartir. \u00bfHas ofrecido al usuario la posibilidad de conectaros? Te lo ponemos f\u00e1cil: nos adaptamos a tus necesidades. Creamos desde cero tu app y nos encargamos de todo el proceso de dise\u00f1o, contenido, difusi\u00f3n y marketing en l\u00ednea para que llegues al punto que tu marca se merece. O bien, empezamos desde un punto de partida, si ya tienes el dise\u00f1o hecho, convertimos tu documento digital est\u00e1ndar en App, hagamos difusi\u00f3n, el apartado de marketing en l\u00ednea y demos el empuj\u00f3n final.<\/p>\n<p>En definitiva, ante la pregunta sobre la importancia de la tecnolog\u00eda, la respuesta es clara: <strong>NO PUEDES NO ACTUALIZARTE<\/strong>. Por lo tanto, cuando lo tengas que hacer ten presente la necesidad de planificar un proceso estrat\u00e9gico y creativo que permita que tu marca se gane un espacio en la mente del consumidor.<strong> No es un obst\u00e1culo, es una oportunidad.<\/strong><\/p>\n<p><a href=\"https:\/\/framegirona.com\/es\/app-que\/\">M\u00e1s informaci\u00f3n<\/a><\/p>","protected":false},"excerpt":{"rendered":"<p>&#8220;#APPTUALITZA&#8217;T: tenir la teva pr\u00f2pia app mai havia estat tan f\u00e0cil, econ\u00f2mic i r\u00e0pid.&#8221;<\/p>","protected":false},"author":1,"featured_media":577,"comment_status":"open","ping_status":"closed","sticky":false,"template":"","format":"standard","meta":{"footnotes":""},"categories":[4],"tags":[],"class_list":["post-576","post","type-post","status-publish","format-standard","has-post-thumbnail","hentry","category-app"],"yoast_head":"<!-- This site is optimized with the Yoast SEO Premium plugin v24.2 (Yoast SEO v27.5) - https:\/\/yoast.com\/product\/yoast-seo-premium-wordpress\/ -->\n<title>Passa&#039;t a l&#039;app: f\u00e0cil, r\u00e0pid i econ\u00f2mic &#183; Frame Girona<\/title>\n<meta name=\"description\" content=\"En un sol canal pots incloure tot all\u00f2 que fins ara has fet amb publicacions a paper, escull entre totes les opcions que puguis necessitar.\" \/>\n<meta name=\"robots\" content=\"index, follow, max-snippet:-1, max-image-preview:large, max-video-preview:-1\" \/>\n<link rel=\"canonical\" href=\"https:\/\/framegirona.com\/es\/passat-a-lapp-facil-rapid-i-economic\/\" \/>\n<meta property=\"og:locale\" content=\"es_ES\" \/>\n<meta property=\"og:type\" content=\"article\" \/>\n<meta property=\"og:title\" content=\"Passa&#039;t a l&#039;app: f\u00e0cil, r\u00e0pid i econ\u00f2mic\" \/>\n<meta property=\"og:description\" content=\"En un sol canal pots incloure tot all\u00f2 que fins ara has fet amb publicacions a paper, escull entre totes les opcions que puguis necessitar.\" \/>\n<meta property=\"og:url\" content=\"https:\/\/framegirona.com\/es\/passat-a-lapp-facil-rapid-i-economic\/\" \/>\n<meta property=\"og:site_name\" content=\"Frame Girona\" \/>\n<meta property=\"article:publisher\" content=\"https:\/\/www.facebook.com\/framegirona\/\" \/>\n<meta property=\"article:published_time\" content=\"2020-05-24T14:34:52+00:00\" \/>\n<meta property=\"article:modified_time\" content=\"2020-10-08T08:42:23+00:00\" \/>\n<meta property=\"og:image\" content=\"https:\/\/framegirona.com\/wp-content\/uploads\/2020\/09\/bruce-mars-585709-unsplash-scaled.jpg\" \/>\n\t<meta property=\"og:image:width\" content=\"2560\" \/>\n\t<meta property=\"og:image:height\" content=\"1707\" \/>\n\t<meta property=\"og:image:type\" content=\"image\/jpeg\" \/>\n<meta name=\"author\" content=\"OCTAVI MUN\u00cd SERRA\" \/>\n<meta name=\"twitter:card\" content=\"summary_large_image\" \/>\n<meta name=\"twitter:label1\" content=\"Escrito por\" \/>\n\t<meta name=\"twitter:data1\" content=\"OCTAVI MUN\u00cd SERRA\" \/>\n\t<meta name=\"twitter:label2\" content=\"Tiempo de lectura\" \/>\n\t<meta name=\"twitter:data2\" content=\"2 minutos\" \/>\n<script type=\"application\/ld+json\" class=\"yoast-schema-graph\">{\"@context\":\"https:\\\/\\\/schema.org\",\"@graph\":[{\"@type\":\"Article\",\"@id\":\"https:\\\/\\\/framegirona.com\\\/passat-a-lapp-facil-rapid-i-economic\\\/#article\",\"isPartOf\":{\"@id\":\"https:\\\/\\\/framegirona.com\\\/passat-a-lapp-facil-rapid-i-economic\\\/\"},\"author\":{\"name\":\"OCTAVI MUN\u00cd SERRA\",\"@id\":\"https:\\\/\\\/framegirona.com\\\/#\\\/schema\\\/person\\\/e7080e4546ef696a7feeb00001bd2656\"},\"headline\":\"Passa&#8217;t a l&#8217;app: f\u00e0cil, r\u00e0pid i econ\u00f2mic\",\"datePublished\":\"2020-05-24T14:34:52+00:00\",\"dateModified\":\"2020-10-08T08:42:23+00:00\",\"mainEntityOfPage\":{\"@id\":\"https:\\\/\\\/framegirona.com\\\/passat-a-lapp-facil-rapid-i-economic\\\/\"},\"wordCount\":499,\"commentCount\":0,\"publisher\":{\"@id\":\"https:\\\/\\\/framegirona.com\\\/#organization\"},\"image\":{\"@id\":\"https:\\\/\\\/framegirona.com\\\/passat-a-lapp-facil-rapid-i-economic\\\/#primaryimage\"},\"thumbnailUrl\":\"https:\\\/\\\/framegirona.com\\\/wp-content\\\/uploads\\\/2020\\\/09\\\/bruce-mars-585709-unsplash-scaled.jpg\",\"articleSection\":[\"App\"],\"inLanguage\":\"es\",\"potentialAction\":[{\"@type\":\"CommentAction\",\"name\":\"Comment\",\"target\":[\"https:\\\/\\\/framegirona.com\\\/passat-a-lapp-facil-rapid-i-economic\\\/#respond\"]}]},{\"@type\":\"WebPage\",\"@id\":\"https:\\\/\\\/framegirona.com\\\/passat-a-lapp-facil-rapid-i-economic\\\/\",\"url\":\"https:\\\/\\\/framegirona.com\\\/passat-a-lapp-facil-rapid-i-economic\\\/\",\"name\":\"Passa't a l'app: f\u00e0cil, r\u00e0pid i econ\u00f2mic &#183; Frame Girona\",\"isPartOf\":{\"@id\":\"https:\\\/\\\/framegirona.com\\\/#website\"},\"primaryImageOfPage\":{\"@id\":\"https:\\\/\\\/framegirona.com\\\/passat-a-lapp-facil-rapid-i-economic\\\/#primaryimage\"},\"image\":{\"@id\":\"https:\\\/\\\/framegirona.com\\\/passat-a-lapp-facil-rapid-i-economic\\\/#primaryimage\"},\"thumbnailUrl\":\"https:\\\/\\\/framegirona.com\\\/wp-content\\\/uploads\\\/2020\\\/09\\\/bruce-mars-585709-unsplash-scaled.jpg\",\"datePublished\":\"2020-05-24T14:34:52+00:00\",\"dateModified\":\"2020-10-08T08:42:23+00:00\",\"description\":\"En un sol canal pots incloure tot all\u00f2 que fins ara has fet amb publicacions a paper, escull entre totes les opcions que puguis necessitar.\",\"breadcrumb\":{\"@id\":\"https:\\\/\\\/framegirona.com\\\/passat-a-lapp-facil-rapid-i-economic\\\/#breadcrumb\"},\"inLanguage\":\"es\",\"potentialAction\":[{\"@type\":\"ReadAction\",\"target\":[\"https:\\\/\\\/framegirona.com\\\/passat-a-lapp-facil-rapid-i-economic\\\/\"]}]},{\"@type\":\"ImageObject\",\"inLanguage\":\"es\",\"@id\":\"https:\\\/\\\/framegirona.com\\\/passat-a-lapp-facil-rapid-i-economic\\\/#primaryimage\",\"url\":\"https:\\\/\\\/framegirona.com\\\/wp-content\\\/uploads\\\/2020\\\/09\\\/bruce-mars-585709-unsplash-scaled.jpg\",\"contentUrl\":\"https:\\\/\\\/framegirona.com\\\/wp-content\\\/uploads\\\/2020\\\/09\\\/bruce-mars-585709-unsplash-scaled.jpg\",\"width\":2560,\"height\":1707,\"caption\":\"app\"},{\"@type\":\"BreadcrumbList\",\"@id\":\"https:\\\/\\\/framegirona.com\\\/passat-a-lapp-facil-rapid-i-economic\\\/#breadcrumb\",\"itemListElement\":[{\"@type\":\"ListItem\",\"position\":1,\"name\":\"Home\",\"item\":\"https:\\\/\\\/framegirona.com\\\/\"},{\"@type\":\"ListItem\",\"position\":2,\"name\":\"Passa&#8217;t a l&#8217;app: f\u00e0cil, r\u00e0pid i econ\u00f2mic\"}]},{\"@type\":\"WebSite\",\"@id\":\"https:\\\/\\\/framegirona.com\\\/#website\",\"url\":\"https:\\\/\\\/framegirona.com\\\/\",\"name\":\"Frame Girona Ag\u00e8ncia de publicitat\",\"description\":\"Agencia de comunicaci\u00f3n y publicidad\",\"publisher\":{\"@id\":\"https:\\\/\\\/framegirona.com\\\/#organization\"},\"alternateName\":\"Agencia de publicidad y dise\u00f1o en Girona y Barcelona\",\"potentialAction\":[{\"@type\":\"SearchAction\",\"target\":{\"@type\":\"EntryPoint\",\"urlTemplate\":\"https:\\\/\\\/framegirona.com\\\/?s={search_term_string}\"},\"query-input\":{\"@type\":\"PropertyValueSpecification\",\"valueRequired\":true,\"valueName\":\"search_term_string\"}}],\"inLanguage\":\"es\"},{\"@type\":\"Organization\",\"@id\":\"https:\\\/\\\/framegirona.com\\\/#organization\",\"name\":\"Frame Girona SL Ag\u00e8ncia de publicitat\",\"alternateName\":\"Frame Girona Comunicaci\u00f3, publicitat i disseny\",\"url\":\"https:\\\/\\\/framegirona.com\\\/\",\"logo\":{\"@type\":\"ImageObject\",\"inLanguage\":\"es\",\"@id\":\"https:\\\/\\\/framegirona.com\\\/#\\\/schema\\\/logo\\\/image\\\/\",\"url\":\"https:\\\/\\\/framegirona.com\\\/wp-content\\\/uploads\\\/2022\\\/09\\\/Logo-Frame.png\",\"contentUrl\":\"https:\\\/\\\/framegirona.com\\\/wp-content\\\/uploads\\\/2022\\\/09\\\/Logo-Frame.png\",\"width\":1748,\"height\":1334,\"caption\":\"Frame Girona SL Ag\u00e8ncia de publicitat\"},\"image\":{\"@id\":\"https:\\\/\\\/framegirona.com\\\/#\\\/schema\\\/logo\\\/image\\\/\"},\"sameAs\":[\"https:\\\/\\\/www.facebook.com\\\/framegirona\\\/\",\"https:\\\/\\\/www.linkedin.com\\\/company\\\/frame-girona\",\"https:\\\/\\\/www.instagram.com\\\/framegirona\\\/\"],\"description\":\"Ag\u00e8ncia de publicitat a Girona i la Costa Brava, especialitzats en disseny gr\u00e0fic, disseny i programaci\u00f3 web, posicionament de p\u00e0gines web i publicitat i comunicaci\u00f3 per empreses.\",\"email\":\"frame@framegirona.com\",\"telephone\":\"972 20 58 65\",\"legalName\":\"Frame Girona SL\",\"foundingDate\":\"1998-05-23\",\"numberOfEmployees\":{\"@type\":\"QuantitativeValue\",\"minValue\":\"1\",\"maxValue\":\"10\"},\"publishingPrinciples\":\"https:\\\/\\\/framegirona.com\\\/\",\"ownershipFundingInfo\":\"https:\\\/\\\/framegirona.com\\\/avis-legal\\\/\"},{\"@type\":\"Person\",\"@id\":\"https:\\\/\\\/framegirona.com\\\/#\\\/schema\\\/person\\\/e7080e4546ef696a7feeb00001bd2656\",\"name\":\"OCTAVI MUN\u00cd SERRA\",\"image\":{\"@type\":\"ImageObject\",\"inLanguage\":\"es\",\"@id\":\"https:\\\/\\\/secure.gravatar.com\\\/avatar\\\/7ccdc405037b71f391a45d9d27e0c76e7474d5e53b9554776989a01de66d58b8?s=96&d=mm&r=g\",\"url\":\"https:\\\/\\\/secure.gravatar.com\\\/avatar\\\/7ccdc405037b71f391a45d9d27e0c76e7474d5e53b9554776989a01de66d58b8?s=96&d=mm&r=g\",\"contentUrl\":\"https:\\\/\\\/secure.gravatar.com\\\/avatar\\\/7ccdc405037b71f391a45d9d27e0c76e7474d5e53b9554776989a01de66d58b8?s=96&d=mm&r=g\",\"caption\":\"OCTAVI MUN\u00cd SERRA\"},\"sameAs\":[\"https:\\\/\\\/framegirona.com\"]}]}<\/script>\n<!-- \/ Yoast SEO Premium plugin. -->","yoast_head_json":{"title":"Passa't a l'app: f\u00e0cil, r\u00e0pid i econ\u00f2mic &#183; Frame Girona","description":"En un sol canal pots incloure tot all\u00f2 que fins ara has fet amb publicacions a paper, escull entre totes les opcions que puguis necessitar.","robots":{"index":"index","follow":"follow","max-snippet":"max-snippet:-1","max-image-preview":"max-image-preview:large","max-video-preview":"max-video-preview:-1"},"canonical":"https:\/\/framegirona.com\/es\/passat-a-lapp-facil-rapid-i-economic\/","og_locale":"es_ES","og_type":"article","og_title":"Passa't a l'app: f\u00e0cil, r\u00e0pid i econ\u00f2mic","og_description":"En un sol canal pots incloure tot all\u00f2 que fins ara has fet amb publicacions a paper, escull entre totes les opcions que puguis necessitar.","og_url":"https:\/\/framegirona.com\/es\/passat-a-lapp-facil-rapid-i-economic\/","og_site_name":"Frame Girona","article_publisher":"https:\/\/www.facebook.com\/framegirona\/","article_published_time":"2020-05-24T14:34:52+00:00","article_modified_time":"2020-10-08T08:42:23+00:00","og_image":[{"width":2560,"height":1707,"url":"https:\/\/framegirona.com\/wp-content\/uploads\/2020\/09\/bruce-mars-585709-unsplash-scaled.jpg","type":"image\/jpeg"}],"author":"OCTAVI MUN\u00cd SERRA","twitter_card":"summary_large_image","twitter_misc":{"Escrito por":"OCTAVI MUN\u00cd SERRA","Tiempo de lectura":"2 minutos"},"schema":{"@context":"https:\/\/schema.org","@graph":[{"@type":"Article","@id":"https:\/\/framegirona.com\/passat-a-lapp-facil-rapid-i-economic\/#article","isPartOf":{"@id":"https:\/\/framegirona.com\/passat-a-lapp-facil-rapid-i-economic\/"},"author":{"name":"OCTAVI MUN\u00cd SERRA","@id":"https:\/\/framegirona.com\/#\/schema\/person\/e7080e4546ef696a7feeb00001bd2656"},"headline":"Passa&#8217;t a l&#8217;app: f\u00e0cil, r\u00e0pid i econ\u00f2mic","datePublished":"2020-05-24T14:34:52+00:00","dateModified":"2020-10-08T08:42:23+00:00","mainEntityOfPage":{"@id":"https:\/\/framegirona.com\/passat-a-lapp-facil-rapid-i-economic\/"},"wordCount":499,"commentCount":0,"publisher":{"@id":"https:\/\/framegirona.com\/#organization"},"image":{"@id":"https:\/\/framegirona.com\/passat-a-lapp-facil-rapid-i-economic\/#primaryimage"},"thumbnailUrl":"https:\/\/framegirona.com\/wp-content\/uploads\/2020\/09\/bruce-mars-585709-unsplash-scaled.jpg","articleSection":["App"],"inLanguage":"es","potentialAction":[{"@type":"CommentAction","name":"Comment","target":["https:\/\/framegirona.com\/passat-a-lapp-facil-rapid-i-economic\/#respond"]}]},{"@type":"WebPage","@id":"https:\/\/framegirona.com\/passat-a-lapp-facil-rapid-i-economic\/","url":"https:\/\/framegirona.com\/passat-a-lapp-facil-rapid-i-economic\/","name":"Passa't a l'app: f\u00e0cil, r\u00e0pid i econ\u00f2mic &#183; Frame Girona","isPartOf":{"@id":"https:\/\/framegirona.com\/#website"},"primaryImageOfPage":{"@id":"https:\/\/framegirona.com\/passat-a-lapp-facil-rapid-i-economic\/#primaryimage"},"image":{"@id":"https:\/\/framegirona.com\/passat-a-lapp-facil-rapid-i-economic\/#primaryimage"},"thumbnailUrl":"https:\/\/framegirona.com\/wp-content\/uploads\/2020\/09\/bruce-mars-585709-unsplash-scaled.jpg","datePublished":"2020-05-24T14:34:52+00:00","dateModified":"2020-10-08T08:42:23+00:00","description":"En un sol canal pots incloure tot all\u00f2 que fins ara has fet amb publicacions a paper, escull entre totes les opcions que puguis necessitar.","breadcrumb":{"@id":"https:\/\/framegirona.com\/passat-a-lapp-facil-rapid-i-economic\/#breadcrumb"},"inLanguage":"es","potentialAction":[{"@type":"ReadAction","target":["https:\/\/framegirona.com\/passat-a-lapp-facil-rapid-i-economic\/"]}]},{"@type":"ImageObject","inLanguage":"es","@id":"https:\/\/framegirona.com\/passat-a-lapp-facil-rapid-i-economic\/#primaryimage","url":"https:\/\/framegirona.com\/wp-content\/uploads\/2020\/09\/bruce-mars-585709-unsplash-scaled.jpg","contentUrl":"https:\/\/framegirona.com\/wp-content\/uploads\/2020\/09\/bruce-mars-585709-unsplash-scaled.jpg","width":2560,"height":1707,"caption":"app"},{"@type":"BreadcrumbList","@id":"https:\/\/framegirona.com\/passat-a-lapp-facil-rapid-i-economic\/#breadcrumb","itemListElement":[{"@type":"ListItem","position":1,"name":"Home","item":"https:\/\/framegirona.com\/"},{"@type":"ListItem","position":2,"name":"Passa&#8217;t a l&#8217;app: f\u00e0cil, r\u00e0pid i econ\u00f2mic"}]},{"@type":"WebSite","@id":"https:\/\/framegirona.com\/#website","url":"https:\/\/framegirona.com\/","name":"Frame Girona Agencia de publicidad","description":"Agencia de comunicaci\u00f3n y publicidad","publisher":{"@id":"https:\/\/framegirona.com\/#organization"},"alternateName":"Agencia de publicidad y dise\u00f1o en Girona y Barcelona","potentialAction":[{"@type":"SearchAction","target":{"@type":"EntryPoint","urlTemplate":"https:\/\/framegirona.com\/?s={search_term_string}"},"query-input":{"@type":"PropertyValueSpecification","valueRequired":true,"valueName":"search_term_string"}}],"inLanguage":"es"},{"@type":"Organization","@id":"https:\/\/framegirona.com\/#organization","name":"Frame Girona SL Agencia de publicidad","alternateName":"Frame Girona Comunicaci\u00f3, publicitat i disseny","url":"https:\/\/framegirona.com\/","logo":{"@type":"ImageObject","inLanguage":"es","@id":"https:\/\/framegirona.com\/#\/schema\/logo\/image\/","url":"https:\/\/framegirona.com\/wp-content\/uploads\/2022\/09\/Logo-Frame.png","contentUrl":"https:\/\/framegirona.com\/wp-content\/uploads\/2022\/09\/Logo-Frame.png","width":1748,"height":1334,"caption":"Frame Girona SL Ag\u00e8ncia de publicitat"},"image":{"@id":"https:\/\/framegirona.com\/#\/schema\/logo\/image\/"},"sameAs":["https:\/\/www.facebook.com\/framegirona\/","https:\/\/www.linkedin.com\/company\/frame-girona","https:\/\/www.instagram.com\/framegirona\/"],"description":"Agencia de publicidad en Girona y la Costa Brava, especializados en dise\u00f1o gr\u00e1fico, dise\u00f1o y programaci\u00f3n web, posicionamiento de p\u00e1ginas web y publicidad y comunicaci\u00f3n por empresas.","email":"frame@framegirona.com","telephone":"972 20 58 65","legalName":"Frame Girona SL","foundingDate":"1998-05-23","numberOfEmployees":{"@type":"QuantitativeValue","minValue":"1","maxValue":"10"},"publishingPrinciples":"https:\/\/framegirona.com\/","ownershipFundingInfo":"https:\/\/framegirona.com\/avis-legal\/"},{"@type":"Person","@id":"https:\/\/framegirona.com\/#\/schema\/person\/e7080e4546ef696a7feeb00001bd2656","name":"OCTAVI MUN\u00cd SERRA","image":{"@type":"ImageObject","inLanguage":"es","@id":"https:\/\/secure.gravatar.com\/avatar\/7ccdc405037b71f391a45d9d27e0c76e7474d5e53b9554776989a01de66d58b8?s=96&d=mm&r=g","url":"https:\/\/secure.gravatar.com\/avatar\/7ccdc405037b71f391a45d9d27e0c76e7474d5e53b9554776989a01de66d58b8?s=96&d=mm&r=g","contentUrl":"https:\/\/secure.gravatar.com\/avatar\/7ccdc405037b71f391a45d9d27e0c76e7474d5e53b9554776989a01de66d58b8?s=96&d=mm&r=g","caption":"OCTAVI MUN\u00cd SERRA"},"sameAs":["https:\/\/framegirona.com"]}]}},"_links":{"self":[{"href":"https:\/\/framegirona.com\/es\/wp-json\/wp\/v2\/posts\/576","targetHints":{"allow":["GET"]}}],"collection":[{"href":"https:\/\/framegirona.com\/es\/wp-json\/wp\/v2\/posts"}],"about":[{"href":"https:\/\/framegirona.com\/es\/wp-json\/wp\/v2\/types\/post"}],"author":[{"embeddable":true,"href":"https:\/\/framegirona.com\/es\/wp-json\/wp\/v2\/users\/1"}],"replies":[{"embeddable":true,"href":"https:\/\/framegirona.com\/es\/wp-json\/wp\/v2\/comments?post=576"}],"version-history":[{"count":0,"href":"https:\/\/framegirona.com\/es\/wp-json\/wp\/v2\/posts\/576\/revisions"}],"wp:featuredmedia":[{"embeddable":true,"href":"https:\/\/framegirona.com\/es\/wp-json\/wp\/v2\/media\/577"}],"wp:attachment":[{"href":"https:\/\/framegirona.com\/es\/wp-json\/wp\/v2\/media?parent=576"}],"wp:term":[{"taxonomy":"category","embeddable":true,"href":"https:\/\/framegirona.com\/es\/wp-json\/wp\/v2\/categories?post=576"},{"taxonomy":"post_tag","embeddable":true,"href":"https:\/\/framegirona.com\/es\/wp-json\/wp\/v2\/tags?post=576"}],"curies":[{"name":"wp","href":"https:\/\/api.w.org\/{rel}","templated":true}]}}