{"id":574,"date":"2020-06-04T16:34:52","date_gmt":"2020-06-04T14:34:52","guid":{"rendered":"https:\/\/www.framegirona.com\/?p=574"},"modified":"2020-10-08T11:18:17","modified_gmt":"2020-10-08T09:18:17","slug":"comunica-o-sigues-invisible","status":"publish","type":"post","link":"https:\/\/framegirona.com\/es\/comunica-o-sigues-invisible\/","title":{"rendered":"Comunicate o hazte invisible"},"content":{"rendered":"<p><strong>Hablamos de la importancia de la comunicaci\u00f3n de marca; el porqu\u00e9 de desarrollar estrategias s\u00f3lidas de comunicaci\u00f3n y aplicarlas. \u00bfNos encontramos ante un nuevo h\u00e1bito o de una necesidad?<\/strong><\/p>\n<div class=\"page\" title=\"Page 1\">\n<div class=\"section\">\n<div class=\"layoutArea\">\n<div class=\"column\">\n<p class=\"p2\"><span class=\"s1\">No paramos de <strong>comunicar<\/strong>, no paramos de consumir comunicaci\u00f3n. Miles de mensajes nos bombardean cada d\u00eda. La voz de todos esta presente en esta burbuja que denominamos medios de comunicaci\u00f3n, expresada en los formatos existentes, desde el m\u00e1s simple y personal, al m\u00e1s complejo y de masas. No tenemos la capacidad de prestar atenci\u00f3n a todo aquello que se nos comunica, solo a una muy peque\u00f1a parte. Y el que es m\u00e1s importante: recordamos un m\u00e1ximo de 3. Somos muy selectivos. \u00bfEs tu marca una de estas 3?<\/span><\/p>\n<\/div>\n<\/div>\n<\/div>\n<\/div>\n<div class=\"page\" title=\"Page 1\">\n<div class=\"section\">\n<div class=\"layoutArea\">\n<div class=\"column\">\n<p class=\"p1 translation-block\"><span class=\"s1\">La comunicaci\u00f3n hace que aparezcas ante el consumidor: aumenta tu visibilidad, te hace memorable y, en los mejores casos, da prestigio a tu marca (valores positivos). El consumidor solo recuerda aquello que lo emociona: <em>todo recuerdo est\u00e1 ligado a una emoci\u00f3n a nuestra mente<\/em>. Por lo tanto, el mensaje tiene que emocionar, tiene que ser enviado en el momento correcto y en el medio adecuado. Por eso, detr\u00e1s de los titulares y las im\u00e1genes impactantes, hay todo un trabajo de <strong> estrategia y creatividad<\/strong> que te permitir\u00e1 obtener m\u00e1s beneficios y adem\u00e1s a largo plazo y, lo que es m\u00e1s importante: unir tu cliente y tu empresa (engagement).<\/span><\/p>\n<\/div>\n<\/div>\n<\/div>\n<\/div>\n<p class=\"p1\"><span class=\"s1\">Desde Frame Girona sabemos que tienes cosas que decir y muchas m\u00e1s que te planteas. \u00bfHas sacado todo tu potencial comunicativo? Te lo ponemos f\u00e1cil: adaptamos tu producto o servicio al tipo de campa\u00f1a, formato y medio que m\u00e1s se adecue a tus necesidades. <\/span><\/p>\n<h5 class=\"p1\"><span class=\"s1\">La clave se encuentra al detectar aquello que tu marca necesita, aquello que tu p\u00fablico pide, y saber dar la respuesta conveniente. Es por este motivo que estructuramos una estrategia de comunicaci\u00f3n muy fundamentada, que permitir\u00e1 establecer las bases de una l\u00ednea comunicativa espectacular y a partir de aqu\u00ed, la magia no parar\u00e1.<span class=\"Apple-converted-space\">\u00a0<\/span><\/span><\/h5>\n<p>En definitiva, ante la pregunta sobre la importancia de la comunicaci\u00f3n, la respuesta es clara: <strong>NO PUEDES NO COMUNICAR<\/strong>. Por tanto, cuando sea necesario debes tener presente la\u00a0<strong>necesidad\u00a0<\/strong>de planificar y establecer estrategias y creatividades que permitan que tu marca se gane un espacio en la mente del consumidor. No es un problema, es una oportunidad.<\/p>\n<p>Comunica como tu cliente necesita que lo hagas y consigue: <strong>notoriedad, imagen de marca y <em>engagement<\/em><\/strong>.<\/p>","protected":false},"excerpt":{"rendered":"<p>&#8220;La clau es troba en detectar all\u00f2 que el client desitja i percep, per poder satisfer-ho.&#8221;<\/p>","protected":false},"author":1,"featured_media":575,"comment_status":"open","ping_status":"closed","sticky":false,"template":"","format":"standard","meta":{"footnotes":""},"categories":[6,24],"tags":[],"class_list":["post-574","post","type-post","status-publish","format-standard","has-post-thumbnail","hentry","category-comunicacio","category-xarxes-socials"],"yoast_head":"<!-- This site is optimized with the Yoast SEO Premium plugin v24.2 (Yoast SEO v27.5) - https:\/\/yoast.com\/product\/yoast-seo-premium-wordpress\/ -->\n<title>Comunica o sigues invisible &#183; Frame Girona<\/title>\n<meta name=\"description\" content=\"La comunicaci\u00f3 de marca fa que apareguis davant del consumidor: augmenta la teva visibilitat, et fa memorable i, en els millors casos,\u00a0et d\u00f3na prestigi.\" \/>\n<meta name=\"robots\" content=\"index, follow, max-snippet:-1, max-image-preview:large, max-video-preview:-1\" \/>\n<link rel=\"canonical\" href=\"https:\/\/framegirona.com\/es\/comunica-o-sigues-invisible\/\" \/>\n<meta property=\"og:locale\" content=\"es_ES\" \/>\n<meta property=\"og:type\" content=\"article\" \/>\n<meta property=\"og:title\" content=\"Comunica o sigues invisible\" \/>\n<meta property=\"og:description\" content=\"La comunicaci\u00f3 de marca fa que apareguis davant del consumidor: augmenta la teva visibilitat, et fa memorable i, en els millors casos,\u00a0et d\u00f3na prestigi.\" \/>\n<meta property=\"og:url\" content=\"https:\/\/framegirona.com\/es\/comunica-o-sigues-invisible\/\" \/>\n<meta property=\"og:site_name\" content=\"Frame Girona\" \/>\n<meta property=\"article:publisher\" content=\"https:\/\/www.facebook.com\/framegirona\/\" \/>\n<meta property=\"article:published_time\" content=\"2020-06-04T14:34:52+00:00\" \/>\n<meta property=\"article:modified_time\" content=\"2020-10-08T09:18:17+00:00\" \/>\n<meta property=\"og:image\" content=\"https:\/\/framegirona.com\/wp-content\/uploads\/2020\/09\/kate-trysh-486230-unsplash-scaled.jpg\" \/>\n\t<meta property=\"og:image:width\" content=\"2560\" \/>\n\t<meta property=\"og:image:height\" content=\"1707\" \/>\n\t<meta property=\"og:image:type\" content=\"image\/jpeg\" \/>\n<meta name=\"author\" content=\"OCTAVI MUN\u00cd SERRA\" \/>\n<meta name=\"twitter:card\" content=\"summary_large_image\" \/>\n<meta name=\"twitter:label1\" content=\"Escrito por\" \/>\n\t<meta name=\"twitter:data1\" content=\"OCTAVI MUN\u00cd SERRA\" \/>\n\t<meta name=\"twitter:label2\" content=\"Tiempo de lectura\" \/>\n\t<meta name=\"twitter:data2\" content=\"2 minutos\" \/>\n<script type=\"application\/ld+json\" class=\"yoast-schema-graph\">{\"@context\":\"https:\\\/\\\/schema.org\",\"@graph\":[{\"@type\":\"Article\",\"@id\":\"https:\\\/\\\/framegirona.com\\\/comunica-o-sigues-invisible\\\/#article\",\"isPartOf\":{\"@id\":\"https:\\\/\\\/framegirona.com\\\/comunica-o-sigues-invisible\\\/\"},\"author\":{\"name\":\"OCTAVI MUN\u00cd SERRA\",\"@id\":\"https:\\\/\\\/framegirona.com\\\/#\\\/schema\\\/person\\\/e7080e4546ef696a7feeb00001bd2656\"},\"headline\":\"Comunica o sigues invisible\",\"datePublished\":\"2020-06-04T14:34:52+00:00\",\"dateModified\":\"2020-10-08T09:18:17+00:00\",\"mainEntityOfPage\":{\"@id\":\"https:\\\/\\\/framegirona.com\\\/comunica-o-sigues-invisible\\\/\"},\"wordCount\":439,\"commentCount\":0,\"publisher\":{\"@id\":\"https:\\\/\\\/framegirona.com\\\/#organization\"},\"image\":{\"@id\":\"https:\\\/\\\/framegirona.com\\\/comunica-o-sigues-invisible\\\/#primaryimage\"},\"thumbnailUrl\":\"https:\\\/\\\/framegirona.com\\\/wp-content\\\/uploads\\\/2020\\\/09\\\/kate-trysh-486230-unsplash-scaled.jpg\",\"articleSection\":[\"Comunicaci\u00f3\",\"Xarxes socials\"],\"inLanguage\":\"es\",\"potentialAction\":[{\"@type\":\"CommentAction\",\"name\":\"Comment\",\"target\":[\"https:\\\/\\\/framegirona.com\\\/comunica-o-sigues-invisible\\\/#respond\"]}]},{\"@type\":\"WebPage\",\"@id\":\"https:\\\/\\\/framegirona.com\\\/comunica-o-sigues-invisible\\\/\",\"url\":\"https:\\\/\\\/framegirona.com\\\/comunica-o-sigues-invisible\\\/\",\"name\":\"Comunica o sigues invisible &#183; Frame Girona\",\"isPartOf\":{\"@id\":\"https:\\\/\\\/framegirona.com\\\/#website\"},\"primaryImageOfPage\":{\"@id\":\"https:\\\/\\\/framegirona.com\\\/comunica-o-sigues-invisible\\\/#primaryimage\"},\"image\":{\"@id\":\"https:\\\/\\\/framegirona.com\\\/comunica-o-sigues-invisible\\\/#primaryimage\"},\"thumbnailUrl\":\"https:\\\/\\\/framegirona.com\\\/wp-content\\\/uploads\\\/2020\\\/09\\\/kate-trysh-486230-unsplash-scaled.jpg\",\"datePublished\":\"2020-06-04T14:34:52+00:00\",\"dateModified\":\"2020-10-08T09:18:17+00:00\",\"description\":\"La comunicaci\u00f3 de marca fa que apareguis davant del consumidor: augmenta la teva visibilitat, et fa memorable i, en els millors casos,\u00a0et d\u00f3na prestigi.\",\"breadcrumb\":{\"@id\":\"https:\\\/\\\/framegirona.com\\\/comunica-o-sigues-invisible\\\/#breadcrumb\"},\"inLanguage\":\"es\",\"potentialAction\":[{\"@type\":\"ReadAction\",\"target\":[\"https:\\\/\\\/framegirona.com\\\/comunica-o-sigues-invisible\\\/\"]}]},{\"@type\":\"ImageObject\",\"inLanguage\":\"es\",\"@id\":\"https:\\\/\\\/framegirona.com\\\/comunica-o-sigues-invisible\\\/#primaryimage\",\"url\":\"https:\\\/\\\/framegirona.com\\\/wp-content\\\/uploads\\\/2020\\\/09\\\/kate-trysh-486230-unsplash-scaled.jpg\",\"contentUrl\":\"https:\\\/\\\/framegirona.com\\\/wp-content\\\/uploads\\\/2020\\\/09\\\/kate-trysh-486230-unsplash-scaled.jpg\",\"width\":2560,\"height\":1707,\"caption\":\"comunicaci\u00f3 de marca\"},{\"@type\":\"BreadcrumbList\",\"@id\":\"https:\\\/\\\/framegirona.com\\\/comunica-o-sigues-invisible\\\/#breadcrumb\",\"itemListElement\":[{\"@type\":\"ListItem\",\"position\":1,\"name\":\"Home\",\"item\":\"https:\\\/\\\/framegirona.com\\\/\"},{\"@type\":\"ListItem\",\"position\":2,\"name\":\"Comunica o sigues invisible\"}]},{\"@type\":\"WebSite\",\"@id\":\"https:\\\/\\\/framegirona.com\\\/#website\",\"url\":\"https:\\\/\\\/framegirona.com\\\/\",\"name\":\"Frame Girona Ag\u00e8ncia de publicitat\",\"description\":\"Agencia de comunicaci\u00f3n y publicidad\",\"publisher\":{\"@id\":\"https:\\\/\\\/framegirona.com\\\/#organization\"},\"alternateName\":\"Agencia de publicidad y dise\u00f1o en Girona y Barcelona\",\"potentialAction\":[{\"@type\":\"SearchAction\",\"target\":{\"@type\":\"EntryPoint\",\"urlTemplate\":\"https:\\\/\\\/framegirona.com\\\/?s={search_term_string}\"},\"query-input\":{\"@type\":\"PropertyValueSpecification\",\"valueRequired\":true,\"valueName\":\"search_term_string\"}}],\"inLanguage\":\"es\"},{\"@type\":\"Organization\",\"@id\":\"https:\\\/\\\/framegirona.com\\\/#organization\",\"name\":\"Frame Girona SL Ag\u00e8ncia de publicitat\",\"alternateName\":\"Frame Girona Comunicaci\u00f3, publicitat i disseny\",\"url\":\"https:\\\/\\\/framegirona.com\\\/\",\"logo\":{\"@type\":\"ImageObject\",\"inLanguage\":\"es\",\"@id\":\"https:\\\/\\\/framegirona.com\\\/#\\\/schema\\\/logo\\\/image\\\/\",\"url\":\"https:\\\/\\\/framegirona.com\\\/wp-content\\\/uploads\\\/2022\\\/09\\\/Logo-Frame.png\",\"contentUrl\":\"https:\\\/\\\/framegirona.com\\\/wp-content\\\/uploads\\\/2022\\\/09\\\/Logo-Frame.png\",\"width\":1748,\"height\":1334,\"caption\":\"Frame Girona SL Ag\u00e8ncia de publicitat\"},\"image\":{\"@id\":\"https:\\\/\\\/framegirona.com\\\/#\\\/schema\\\/logo\\\/image\\\/\"},\"sameAs\":[\"https:\\\/\\\/www.facebook.com\\\/framegirona\\\/\",\"https:\\\/\\\/www.linkedin.com\\\/company\\\/frame-girona\",\"https:\\\/\\\/www.instagram.com\\\/framegirona\\\/\"],\"description\":\"Ag\u00e8ncia de publicitat a Girona i la Costa Brava, especialitzats en disseny gr\u00e0fic, disseny i programaci\u00f3 web, posicionament de p\u00e0gines web i publicitat i comunicaci\u00f3 per empreses.\",\"email\":\"frame@framegirona.com\",\"telephone\":\"972 20 58 65\",\"legalName\":\"Frame Girona SL\",\"foundingDate\":\"1998-05-23\",\"numberOfEmployees\":{\"@type\":\"QuantitativeValue\",\"minValue\":\"1\",\"maxValue\":\"10\"},\"publishingPrinciples\":\"https:\\\/\\\/framegirona.com\\\/\",\"ownershipFundingInfo\":\"https:\\\/\\\/framegirona.com\\\/avis-legal\\\/\"},{\"@type\":\"Person\",\"@id\":\"https:\\\/\\\/framegirona.com\\\/#\\\/schema\\\/person\\\/e7080e4546ef696a7feeb00001bd2656\",\"name\":\"OCTAVI MUN\u00cd SERRA\",\"image\":{\"@type\":\"ImageObject\",\"inLanguage\":\"es\",\"@id\":\"https:\\\/\\\/secure.gravatar.com\\\/avatar\\\/7ccdc405037b71f391a45d9d27e0c76e7474d5e53b9554776989a01de66d58b8?s=96&d=mm&r=g\",\"url\":\"https:\\\/\\\/secure.gravatar.com\\\/avatar\\\/7ccdc405037b71f391a45d9d27e0c76e7474d5e53b9554776989a01de66d58b8?s=96&d=mm&r=g\",\"contentUrl\":\"https:\\\/\\\/secure.gravatar.com\\\/avatar\\\/7ccdc405037b71f391a45d9d27e0c76e7474d5e53b9554776989a01de66d58b8?s=96&d=mm&r=g\",\"caption\":\"OCTAVI MUN\u00cd SERRA\"},\"sameAs\":[\"https:\\\/\\\/framegirona.com\"]}]}<\/script>\n<!-- \/ Yoast SEO Premium plugin. -->","yoast_head_json":{"title":"Comunica o sigues invisible &#183; Frame Girona","description":"La comunicaci\u00f3 de marca fa que apareguis davant del consumidor: augmenta la teva visibilitat, et fa memorable i, en els millors casos,\u00a0et d\u00f3na prestigi.","robots":{"index":"index","follow":"follow","max-snippet":"max-snippet:-1","max-image-preview":"max-image-preview:large","max-video-preview":"max-video-preview:-1"},"canonical":"https:\/\/framegirona.com\/es\/comunica-o-sigues-invisible\/","og_locale":"es_ES","og_type":"article","og_title":"Comunica o sigues invisible","og_description":"La comunicaci\u00f3 de marca fa que apareguis davant del consumidor: augmenta la teva visibilitat, et fa memorable i, en els millors casos,\u00a0et d\u00f3na prestigi.","og_url":"https:\/\/framegirona.com\/es\/comunica-o-sigues-invisible\/","og_site_name":"Frame Girona","article_publisher":"https:\/\/www.facebook.com\/framegirona\/","article_published_time":"2020-06-04T14:34:52+00:00","article_modified_time":"2020-10-08T09:18:17+00:00","og_image":[{"width":2560,"height":1707,"url":"https:\/\/framegirona.com\/wp-content\/uploads\/2020\/09\/kate-trysh-486230-unsplash-scaled.jpg","type":"image\/jpeg"}],"author":"OCTAVI MUN\u00cd SERRA","twitter_card":"summary_large_image","twitter_misc":{"Escrito por":"OCTAVI MUN\u00cd SERRA","Tiempo de lectura":"2 minutos"},"schema":{"@context":"https:\/\/schema.org","@graph":[{"@type":"Article","@id":"https:\/\/framegirona.com\/comunica-o-sigues-invisible\/#article","isPartOf":{"@id":"https:\/\/framegirona.com\/comunica-o-sigues-invisible\/"},"author":{"name":"OCTAVI MUN\u00cd SERRA","@id":"https:\/\/framegirona.com\/#\/schema\/person\/e7080e4546ef696a7feeb00001bd2656"},"headline":"Comunica o sigues invisible","datePublished":"2020-06-04T14:34:52+00:00","dateModified":"2020-10-08T09:18:17+00:00","mainEntityOfPage":{"@id":"https:\/\/framegirona.com\/comunica-o-sigues-invisible\/"},"wordCount":439,"commentCount":0,"publisher":{"@id":"https:\/\/framegirona.com\/#organization"},"image":{"@id":"https:\/\/framegirona.com\/comunica-o-sigues-invisible\/#primaryimage"},"thumbnailUrl":"https:\/\/framegirona.com\/wp-content\/uploads\/2020\/09\/kate-trysh-486230-unsplash-scaled.jpg","articleSection":["Comunicaci\u00f3","Xarxes socials"],"inLanguage":"es","potentialAction":[{"@type":"CommentAction","name":"Comment","target":["https:\/\/framegirona.com\/comunica-o-sigues-invisible\/#respond"]}]},{"@type":"WebPage","@id":"https:\/\/framegirona.com\/comunica-o-sigues-invisible\/","url":"https:\/\/framegirona.com\/comunica-o-sigues-invisible\/","name":"Comunica o sigues invisible &#183; Frame Girona","isPartOf":{"@id":"https:\/\/framegirona.com\/#website"},"primaryImageOfPage":{"@id":"https:\/\/framegirona.com\/comunica-o-sigues-invisible\/#primaryimage"},"image":{"@id":"https:\/\/framegirona.com\/comunica-o-sigues-invisible\/#primaryimage"},"thumbnailUrl":"https:\/\/framegirona.com\/wp-content\/uploads\/2020\/09\/kate-trysh-486230-unsplash-scaled.jpg","datePublished":"2020-06-04T14:34:52+00:00","dateModified":"2020-10-08T09:18:17+00:00","description":"La comunicaci\u00f3 de marca fa que apareguis davant del consumidor: augmenta la teva visibilitat, et fa memorable i, en els millors casos,\u00a0et d\u00f3na prestigi.","breadcrumb":{"@id":"https:\/\/framegirona.com\/comunica-o-sigues-invisible\/#breadcrumb"},"inLanguage":"es","potentialAction":[{"@type":"ReadAction","target":["https:\/\/framegirona.com\/comunica-o-sigues-invisible\/"]}]},{"@type":"ImageObject","inLanguage":"es","@id":"https:\/\/framegirona.com\/comunica-o-sigues-invisible\/#primaryimage","url":"https:\/\/framegirona.com\/wp-content\/uploads\/2020\/09\/kate-trysh-486230-unsplash-scaled.jpg","contentUrl":"https:\/\/framegirona.com\/wp-content\/uploads\/2020\/09\/kate-trysh-486230-unsplash-scaled.jpg","width":2560,"height":1707,"caption":"comunicaci\u00f3 de marca"},{"@type":"BreadcrumbList","@id":"https:\/\/framegirona.com\/comunica-o-sigues-invisible\/#breadcrumb","itemListElement":[{"@type":"ListItem","position":1,"name":"Home","item":"https:\/\/framegirona.com\/"},{"@type":"ListItem","position":2,"name":"Comunica o sigues invisible"}]},{"@type":"WebSite","@id":"https:\/\/framegirona.com\/#website","url":"https:\/\/framegirona.com\/","name":"Frame Girona Agencia de publicidad","description":"Agencia de comunicaci\u00f3n y publicidad","publisher":{"@id":"https:\/\/framegirona.com\/#organization"},"alternateName":"Agencia de publicidad y dise\u00f1o en Girona y Barcelona","potentialAction":[{"@type":"SearchAction","target":{"@type":"EntryPoint","urlTemplate":"https:\/\/framegirona.com\/?s={search_term_string}"},"query-input":{"@type":"PropertyValueSpecification","valueRequired":true,"valueName":"search_term_string"}}],"inLanguage":"es"},{"@type":"Organization","@id":"https:\/\/framegirona.com\/#organization","name":"Frame Girona SL Agencia de publicidad","alternateName":"Frame Girona Comunicaci\u00f3, publicitat i disseny","url":"https:\/\/framegirona.com\/","logo":{"@type":"ImageObject","inLanguage":"es","@id":"https:\/\/framegirona.com\/#\/schema\/logo\/image\/","url":"https:\/\/framegirona.com\/wp-content\/uploads\/2022\/09\/Logo-Frame.png","contentUrl":"https:\/\/framegirona.com\/wp-content\/uploads\/2022\/09\/Logo-Frame.png","width":1748,"height":1334,"caption":"Frame Girona SL Ag\u00e8ncia de publicitat"},"image":{"@id":"https:\/\/framegirona.com\/#\/schema\/logo\/image\/"},"sameAs":["https:\/\/www.facebook.com\/framegirona\/","https:\/\/www.linkedin.com\/company\/frame-girona","https:\/\/www.instagram.com\/framegirona\/"],"description":"Agencia de publicidad en Girona y la Costa Brava, especializados en dise\u00f1o gr\u00e1fico, dise\u00f1o y programaci\u00f3n web, posicionamiento de p\u00e1ginas web y publicidad y comunicaci\u00f3n por empresas.","email":"frame@framegirona.com","telephone":"972 20 58 65","legalName":"Frame Girona SL","foundingDate":"1998-05-23","numberOfEmployees":{"@type":"QuantitativeValue","minValue":"1","maxValue":"10"},"publishingPrinciples":"https:\/\/framegirona.com\/","ownershipFundingInfo":"https:\/\/framegirona.com\/avis-legal\/"},{"@type":"Person","@id":"https:\/\/framegirona.com\/#\/schema\/person\/e7080e4546ef696a7feeb00001bd2656","name":"OCTAVI MUN\u00cd SERRA","image":{"@type":"ImageObject","inLanguage":"es","@id":"https:\/\/secure.gravatar.com\/avatar\/7ccdc405037b71f391a45d9d27e0c76e7474d5e53b9554776989a01de66d58b8?s=96&d=mm&r=g","url":"https:\/\/secure.gravatar.com\/avatar\/7ccdc405037b71f391a45d9d27e0c76e7474d5e53b9554776989a01de66d58b8?s=96&d=mm&r=g","contentUrl":"https:\/\/secure.gravatar.com\/avatar\/7ccdc405037b71f391a45d9d27e0c76e7474d5e53b9554776989a01de66d58b8?s=96&d=mm&r=g","caption":"OCTAVI MUN\u00cd SERRA"},"sameAs":["https:\/\/framegirona.com"]}]}},"_links":{"self":[{"href":"https:\/\/framegirona.com\/es\/wp-json\/wp\/v2\/posts\/574","targetHints":{"allow":["GET"]}}],"collection":[{"href":"https:\/\/framegirona.com\/es\/wp-json\/wp\/v2\/posts"}],"about":[{"href":"https:\/\/framegirona.com\/es\/wp-json\/wp\/v2\/types\/post"}],"author":[{"embeddable":true,"href":"https:\/\/framegirona.com\/es\/wp-json\/wp\/v2\/users\/1"}],"replies":[{"embeddable":true,"href":"https:\/\/framegirona.com\/es\/wp-json\/wp\/v2\/comments?post=574"}],"version-history":[{"count":0,"href":"https:\/\/framegirona.com\/es\/wp-json\/wp\/v2\/posts\/574\/revisions"}],"wp:featuredmedia":[{"embeddable":true,"href":"https:\/\/framegirona.com\/es\/wp-json\/wp\/v2\/media\/575"}],"wp:attachment":[{"href":"https:\/\/framegirona.com\/es\/wp-json\/wp\/v2\/media?parent=574"}],"wp:term":[{"taxonomy":"category","embeddable":true,"href":"https:\/\/framegirona.com\/es\/wp-json\/wp\/v2\/categories?post=574"},{"taxonomy":"post_tag","embeddable":true,"href":"https:\/\/framegirona.com\/es\/wp-json\/wp\/v2\/tags?post=574"}],"curies":[{"name":"wp","href":"https:\/\/api.w.org\/{rel}","templated":true}]}}