{"id":561,"date":"2020-08-15T16:34:52","date_gmt":"2020-08-15T14:34:52","guid":{"rendered":"https:\/\/www.framegirona.com\/?p=561"},"modified":"2020-10-08T09:59:44","modified_gmt":"2020-10-08T07:59:44","slug":"lestrategia-i-la-tecnologia-al-servei-de-la-teva-empresa","status":"publish","type":"post","link":"https:\/\/framegirona.com\/es\/lestrategia-i-la-tecnologia-al-servei-de-la-teva-empresa\/","title":{"rendered":"La estrategia y la tecnolog\u00eda al servicio de tu empresa"},"content":{"rendered":"<p><strong>Hablamos de la importancia de la Digitalizaci\u00f3n Empresarial, el porqu\u00e9 de desarrollar estrategias s\u00f3lidas de marketing digital. \u00bfNos encontramos ante una moda o una necesidad?<\/strong><\/p>\n<div class=\"page\" title=\"Page 1\">\n<div class=\"section\">\n<div class=\"layoutArea\">\n<div class=\"column\">\n<p>En los \u00faltimos a\u00f1os, la idea de\u00a0<strong>digitalitzaci\u00f3n empresarial<\/strong>\u00a0se ha infiltrado en la totalidad de los debates. Ha generado una avalancha de\u00a0<em>nuevo vocabulario<\/em>\u00a0que se ha convertido en el protagonista a la vez\u00a0<em>de aproximarnos<\/em>\u00a0y\u00a0<em>conectar<\/em>\u00a0con los clientes<\/p>\n<\/div>\n<\/div>\n<\/div>\n<\/div>\n<div class=\"page\" title=\"Page 1\">\n<div class=\"section\">\n<div class=\"layoutArea\">\n<div class=\"column\">\n<p style=\"text-align: justify;\">Se trata de conceptos como\u00a0<strong>e-commerce<\/strong>,\u00a0<strong>SEM<\/strong>\u00a0(Search Engine Marketing),\u00a0<strong>SEO<\/strong>\u00a0(Search Engine Optimization) o\u00a0<strong>SMO<\/strong>\u00a0(Social Media Optimization): son\u00a0<em>mejoras tecnol\u00f3gicas<\/em>\u00a0que, lejos de complicar el d\u00eda a d\u00eda de la empresa, se han convertido en\u00a0<em>recursos imprescindibles<\/em>\u00a0para entender, gestionar y finalmente rentabilizar\u00a0<em>el entorno del negocio<\/em>.<\/p>\n<\/div>\n<\/div>\n<\/div>\n<\/div>\n<p>Las nuevas\u00a0<strong>estrategias de marketing<\/strong>\u00a0no nos tienen que dar miedo: hay que entender el espacio digital como uno\u00a0<em>elemento fundamental del negocio<\/em>\u00a0y no como una vertiente aislada. Es desde esta perspectiva, que nacen las acciones de\u00a0<strong>comunicaci\u00f3n<\/strong>\u00a0y\u00a0<strong>m\u00e1rqueting digital<\/strong>\u00a0de \u00e9xito; aquellas\u00a0<em>acciones optimitzadas<\/em>\u00a0en funci\u00f3n del contexto y las\u00a0<em>necesidades singulares<\/em>\u00a0de cada negocio.<\/p>\n<div class=\"page\" title=\"Page 1\">\n<div class=\"section\">\n<div class=\"layoutArea\">\n<div class=\"column\">\n<p style=\"text-align: justify;\">El fen\u00f3meno de la digitalizaci\u00f3n ha dejado de ser una apuesta de futuro, es la\u00a0<em>realidad<\/em>\u00a0de un entorno en el cual conviven todas las empresas. Un contexto en que nadie se puede permitir estar en silencio, y donde el\u00a0<strong>posicionamiento<\/strong>, la\u00a0<em>visibilidad<\/em>\u00a0y la\u00a0<em>capacidad de gestionar<\/em>\u00a0la\u00a0<strong>presencia online<\/strong>, decidir\u00e1n qui\u00e9n y cu\u00e1ntas personas establecer\u00e1n una buena relaci\u00f3n con la empresa.<\/p>\n<\/div>\n<\/div>\n<\/div>\n<\/div>\n<h5><em>\u201cLa\u00a0<strong>necesidad<\/strong>\u00a0de establecer y participar activamente en la relaci\u00f3n con los clientes, usuarios y conocedores del negocio es cada vez m\u00e1s evidente.\u201d<\/em><\/h5>\n<p>De esta manera, para\u00a0<em>desarrollar las acciones adecuadas<\/em>\u00a0es imprescindible adentrarse en el medio y partir desde el m\u00e1ximo\u00a0<em>conocimiento profesional<\/em>\u00a0de\u00a0<em>recursos tecnol\u00f3gicos disponibles<\/em>.<\/p>\n<p>Ante la pregunta sobre la importancia de la digitalizaci\u00f3n de la comunicaci\u00f3n, la\u00a0<strong>necesidad<\/strong>\u00a0<em>de establecer<\/em>\u00a0y\u00a0<em>participar activamente<\/em>\u00a0en la relaci\u00f3n con los clientes, usuarios y conocedores del negocio es cada vez m\u00e1s evidente.\u00a0<em>Aprovechar las oportunidades<\/em>\u00a0que se presentan no es ninguna moda, es el \u00fanico planteamiento posible para cualquier tipo de proyecto.<\/p>","protected":false},"excerpt":{"rendered":"<p>&#8220;El fenomen de la digitalitzaci\u00f3 ha deixat de ser una aposta de futur, \u00e9s la realitat d\u2019un entorn en el qual conviuen totes les empreses.&#8221;<\/p>","protected":false},"author":1,"featured_media":562,"comment_status":"open","ping_status":"closed","sticky":false,"template":"","format":"standard","meta":{"footnotes":""},"categories":[3],"tags":[],"class_list":["post-561","post","type-post","status-publish","format-standard","has-post-thumbnail","hentry","category-online"],"yoast_head":"<!-- This site is optimized with the Yoast SEO Premium plugin v24.2 (Yoast SEO v27.5) - https:\/\/yoast.com\/product\/yoast-seo-premium-wordpress\/ -->\n<title>L&#039;estrat\u00e8gia i la tecnologia al servei de la teva empresa &#183; Frame Girona<\/title>\n<meta name=\"description\" content=\"Els conceptes com\u00a0e-commerce,\u00a0SEM,\u00a0SEO o\u00a0SMO\u00a0s\u00f3n\u00a0millores tecnol\u00f2giques\u00a0 imprescindibles\u00a0per entendre, gestionar i rendibilitzar\u00a0l&#039;entorn del teu negoci.\" \/>\n<meta name=\"robots\" content=\"index, follow, max-snippet:-1, max-image-preview:large, max-video-preview:-1\" \/>\n<link rel=\"canonical\" href=\"https:\/\/framegirona.com\/es\/lestrategia-i-la-tecnologia-al-servei-de-la-teva-empresa\/\" \/>\n<meta property=\"og:locale\" content=\"es_ES\" \/>\n<meta property=\"og:type\" content=\"article\" \/>\n<meta property=\"og:title\" content=\"L&#039;estrat\u00e8gia i la tecnologia al servei de la teva empresa\" \/>\n<meta property=\"og:description\" content=\"Els conceptes com\u00a0e-commerce,\u00a0SEM,\u00a0SEO o\u00a0SMO\u00a0s\u00f3n\u00a0millores tecnol\u00f2giques\u00a0 imprescindibles\u00a0per entendre, gestionar i rendibilitzar\u00a0l&#039;entorn del teu negoci.\" \/>\n<meta property=\"og:url\" content=\"https:\/\/framegirona.com\/es\/lestrategia-i-la-tecnologia-al-servei-de-la-teva-empresa\/\" \/>\n<meta property=\"og:site_name\" content=\"Frame Girona\" \/>\n<meta property=\"article:publisher\" content=\"https:\/\/www.facebook.com\/framegirona\/\" \/>\n<meta property=\"article:published_time\" content=\"2020-08-15T14:34:52+00:00\" \/>\n<meta property=\"article:modified_time\" content=\"2020-10-08T07:59:44+00:00\" \/>\n<meta property=\"og:image\" content=\"https:\/\/framegirona.com\/wp-content\/uploads\/2020\/09\/Foto-blog.jpg\" \/>\n\t<meta property=\"og:image:width\" content=\"1200\" \/>\n\t<meta property=\"og:image:height\" content=\"800\" \/>\n\t<meta property=\"og:image:type\" content=\"image\/jpeg\" \/>\n<meta name=\"author\" content=\"OCTAVI MUN\u00cd SERRA\" \/>\n<meta name=\"twitter:card\" content=\"summary_large_image\" \/>\n<meta name=\"twitter:label1\" content=\"Escrito por\" \/>\n\t<meta name=\"twitter:data1\" content=\"OCTAVI MUN\u00cd SERRA\" \/>\n\t<meta name=\"twitter:label2\" content=\"Tiempo de lectura\" \/>\n\t<meta name=\"twitter:data2\" content=\"2 minutos\" \/>\n<script type=\"application\/ld+json\" class=\"yoast-schema-graph\">{\"@context\":\"https:\\\/\\\/schema.org\",\"@graph\":[{\"@type\":\"Article\",\"@id\":\"https:\\\/\\\/framegirona.com\\\/lestrategia-i-la-tecnologia-al-servei-de-la-teva-empresa\\\/#article\",\"isPartOf\":{\"@id\":\"https:\\\/\\\/framegirona.com\\\/lestrategia-i-la-tecnologia-al-servei-de-la-teva-empresa\\\/\"},\"author\":{\"name\":\"OCTAVI MUN\u00cd SERRA\",\"@id\":\"https:\\\/\\\/framegirona.com\\\/#\\\/schema\\\/person\\\/e7080e4546ef696a7feeb00001bd2656\"},\"headline\":\"L&#8217;estrat\u00e8gia i la tecnologia al servei de la teva empresa\",\"datePublished\":\"2020-08-15T14:34:52+00:00\",\"dateModified\":\"2020-10-08T07:59:44+00:00\",\"mainEntityOfPage\":{\"@id\":\"https:\\\/\\\/framegirona.com\\\/lestrategia-i-la-tecnologia-al-servei-de-la-teva-empresa\\\/\"},\"wordCount\":367,\"commentCount\":0,\"publisher\":{\"@id\":\"https:\\\/\\\/framegirona.com\\\/#organization\"},\"image\":{\"@id\":\"https:\\\/\\\/framegirona.com\\\/lestrategia-i-la-tecnologia-al-servei-de-la-teva-empresa\\\/#primaryimage\"},\"thumbnailUrl\":\"https:\\\/\\\/framegirona.com\\\/wp-content\\\/uploads\\\/2020\\\/09\\\/Foto-blog.jpg\",\"articleSection\":[\"Online\"],\"inLanguage\":\"es\",\"potentialAction\":[{\"@type\":\"CommentAction\",\"name\":\"Comment\",\"target\":[\"https:\\\/\\\/framegirona.com\\\/lestrategia-i-la-tecnologia-al-servei-de-la-teva-empresa\\\/#respond\"]}]},{\"@type\":\"WebPage\",\"@id\":\"https:\\\/\\\/framegirona.com\\\/lestrategia-i-la-tecnologia-al-servei-de-la-teva-empresa\\\/\",\"url\":\"https:\\\/\\\/framegirona.com\\\/lestrategia-i-la-tecnologia-al-servei-de-la-teva-empresa\\\/\",\"name\":\"L'estrat\u00e8gia i la tecnologia al servei de la teva empresa &#183; Frame Girona\",\"isPartOf\":{\"@id\":\"https:\\\/\\\/framegirona.com\\\/#website\"},\"primaryImageOfPage\":{\"@id\":\"https:\\\/\\\/framegirona.com\\\/lestrategia-i-la-tecnologia-al-servei-de-la-teva-empresa\\\/#primaryimage\"},\"image\":{\"@id\":\"https:\\\/\\\/framegirona.com\\\/lestrategia-i-la-tecnologia-al-servei-de-la-teva-empresa\\\/#primaryimage\"},\"thumbnailUrl\":\"https:\\\/\\\/framegirona.com\\\/wp-content\\\/uploads\\\/2020\\\/09\\\/Foto-blog.jpg\",\"datePublished\":\"2020-08-15T14:34:52+00:00\",\"dateModified\":\"2020-10-08T07:59:44+00:00\",\"description\":\"Els conceptes com\u00a0e-commerce,\u00a0SEM,\u00a0SEO o\u00a0SMO\u00a0s\u00f3n\u00a0millores tecnol\u00f2giques\u00a0 imprescindibles\u00a0per entendre, gestionar i rendibilitzar\u00a0l'entorn del teu negoci.\",\"breadcrumb\":{\"@id\":\"https:\\\/\\\/framegirona.com\\\/lestrategia-i-la-tecnologia-al-servei-de-la-teva-empresa\\\/#breadcrumb\"},\"inLanguage\":\"es\",\"potentialAction\":[{\"@type\":\"ReadAction\",\"target\":[\"https:\\\/\\\/framegirona.com\\\/lestrategia-i-la-tecnologia-al-servei-de-la-teva-empresa\\\/\"]}]},{\"@type\":\"ImageObject\",\"inLanguage\":\"es\",\"@id\":\"https:\\\/\\\/framegirona.com\\\/lestrategia-i-la-tecnologia-al-servei-de-la-teva-empresa\\\/#primaryimage\",\"url\":\"https:\\\/\\\/framegirona.com\\\/wp-content\\\/uploads\\\/2020\\\/09\\\/Foto-blog.jpg\",\"contentUrl\":\"https:\\\/\\\/framegirona.com\\\/wp-content\\\/uploads\\\/2020\\\/09\\\/Foto-blog.jpg\",\"width\":1200,\"height\":800,\"caption\":\"estrat\u00e8gia\"},{\"@type\":\"BreadcrumbList\",\"@id\":\"https:\\\/\\\/framegirona.com\\\/lestrategia-i-la-tecnologia-al-servei-de-la-teva-empresa\\\/#breadcrumb\",\"itemListElement\":[{\"@type\":\"ListItem\",\"position\":1,\"name\":\"Home\",\"item\":\"https:\\\/\\\/framegirona.com\\\/\"},{\"@type\":\"ListItem\",\"position\":2,\"name\":\"L&#8217;estrat\u00e8gia i la tecnologia al servei de la teva empresa\"}]},{\"@type\":\"WebSite\",\"@id\":\"https:\\\/\\\/framegirona.com\\\/#website\",\"url\":\"https:\\\/\\\/framegirona.com\\\/\",\"name\":\"Frame Girona Ag\u00e8ncia de publicitat\",\"description\":\"Agencia de comunicaci\u00f3n y publicidad\",\"publisher\":{\"@id\":\"https:\\\/\\\/framegirona.com\\\/#organization\"},\"alternateName\":\"Agencia de publicidad y dise\u00f1o en Girona y Barcelona\",\"potentialAction\":[{\"@type\":\"SearchAction\",\"target\":{\"@type\":\"EntryPoint\",\"urlTemplate\":\"https:\\\/\\\/framegirona.com\\\/?s={search_term_string}\"},\"query-input\":{\"@type\":\"PropertyValueSpecification\",\"valueRequired\":true,\"valueName\":\"search_term_string\"}}],\"inLanguage\":\"es\"},{\"@type\":\"Organization\",\"@id\":\"https:\\\/\\\/framegirona.com\\\/#organization\",\"name\":\"Frame Girona SL Ag\u00e8ncia de publicitat\",\"alternateName\":\"Frame Girona Comunicaci\u00f3, publicitat i disseny\",\"url\":\"https:\\\/\\\/framegirona.com\\\/\",\"logo\":{\"@type\":\"ImageObject\",\"inLanguage\":\"es\",\"@id\":\"https:\\\/\\\/framegirona.com\\\/#\\\/schema\\\/logo\\\/image\\\/\",\"url\":\"https:\\\/\\\/framegirona.com\\\/wp-content\\\/uploads\\\/2022\\\/09\\\/Logo-Frame.png\",\"contentUrl\":\"https:\\\/\\\/framegirona.com\\\/wp-content\\\/uploads\\\/2022\\\/09\\\/Logo-Frame.png\",\"width\":1748,\"height\":1334,\"caption\":\"Frame Girona SL Ag\u00e8ncia de publicitat\"},\"image\":{\"@id\":\"https:\\\/\\\/framegirona.com\\\/#\\\/schema\\\/logo\\\/image\\\/\"},\"sameAs\":[\"https:\\\/\\\/www.facebook.com\\\/framegirona\\\/\",\"https:\\\/\\\/www.linkedin.com\\\/company\\\/frame-girona\",\"https:\\\/\\\/www.instagram.com\\\/framegirona\\\/\"],\"description\":\"Ag\u00e8ncia de publicitat a Girona i la Costa Brava, especialitzats en disseny gr\u00e0fic, disseny i programaci\u00f3 web, posicionament de p\u00e0gines web i publicitat i comunicaci\u00f3 per empreses.\",\"email\":\"frame@framegirona.com\",\"telephone\":\"972 20 58 65\",\"legalName\":\"Frame Girona SL\",\"foundingDate\":\"1998-05-23\",\"numberOfEmployees\":{\"@type\":\"QuantitativeValue\",\"minValue\":\"1\",\"maxValue\":\"10\"},\"publishingPrinciples\":\"https:\\\/\\\/framegirona.com\\\/\",\"ownershipFundingInfo\":\"https:\\\/\\\/framegirona.com\\\/avis-legal\\\/\"},{\"@type\":\"Person\",\"@id\":\"https:\\\/\\\/framegirona.com\\\/#\\\/schema\\\/person\\\/e7080e4546ef696a7feeb00001bd2656\",\"name\":\"OCTAVI MUN\u00cd SERRA\",\"image\":{\"@type\":\"ImageObject\",\"inLanguage\":\"es\",\"@id\":\"https:\\\/\\\/secure.gravatar.com\\\/avatar\\\/7ccdc405037b71f391a45d9d27e0c76e7474d5e53b9554776989a01de66d58b8?s=96&d=mm&r=g\",\"url\":\"https:\\\/\\\/secure.gravatar.com\\\/avatar\\\/7ccdc405037b71f391a45d9d27e0c76e7474d5e53b9554776989a01de66d58b8?s=96&d=mm&r=g\",\"contentUrl\":\"https:\\\/\\\/secure.gravatar.com\\\/avatar\\\/7ccdc405037b71f391a45d9d27e0c76e7474d5e53b9554776989a01de66d58b8?s=96&d=mm&r=g\",\"caption\":\"OCTAVI MUN\u00cd SERRA\"},\"sameAs\":[\"https:\\\/\\\/framegirona.com\"]}]}<\/script>\n<!-- \/ Yoast SEO Premium plugin. -->","yoast_head_json":{"title":"L'estrat\u00e8gia i la tecnologia al servei de la teva empresa &#183; Frame Girona","description":"Els conceptes com\u00a0e-commerce,\u00a0SEM,\u00a0SEO o\u00a0SMO\u00a0s\u00f3n\u00a0millores tecnol\u00f2giques\u00a0 imprescindibles\u00a0per entendre, gestionar i rendibilitzar\u00a0l'entorn del teu negoci.","robots":{"index":"index","follow":"follow","max-snippet":"max-snippet:-1","max-image-preview":"max-image-preview:large","max-video-preview":"max-video-preview:-1"},"canonical":"https:\/\/framegirona.com\/es\/lestrategia-i-la-tecnologia-al-servei-de-la-teva-empresa\/","og_locale":"es_ES","og_type":"article","og_title":"L'estrat\u00e8gia i la tecnologia al servei de la teva empresa","og_description":"Els conceptes com\u00a0e-commerce,\u00a0SEM,\u00a0SEO o\u00a0SMO\u00a0s\u00f3n\u00a0millores tecnol\u00f2giques\u00a0 imprescindibles\u00a0per entendre, gestionar i rendibilitzar\u00a0l'entorn del teu negoci.","og_url":"https:\/\/framegirona.com\/es\/lestrategia-i-la-tecnologia-al-servei-de-la-teva-empresa\/","og_site_name":"Frame Girona","article_publisher":"https:\/\/www.facebook.com\/framegirona\/","article_published_time":"2020-08-15T14:34:52+00:00","article_modified_time":"2020-10-08T07:59:44+00:00","og_image":[{"width":1200,"height":800,"url":"https:\/\/framegirona.com\/wp-content\/uploads\/2020\/09\/Foto-blog.jpg","type":"image\/jpeg"}],"author":"OCTAVI MUN\u00cd SERRA","twitter_card":"summary_large_image","twitter_misc":{"Escrito por":"OCTAVI MUN\u00cd SERRA","Tiempo de lectura":"2 minutos"},"schema":{"@context":"https:\/\/schema.org","@graph":[{"@type":"Article","@id":"https:\/\/framegirona.com\/lestrategia-i-la-tecnologia-al-servei-de-la-teva-empresa\/#article","isPartOf":{"@id":"https:\/\/framegirona.com\/lestrategia-i-la-tecnologia-al-servei-de-la-teva-empresa\/"},"author":{"name":"OCTAVI MUN\u00cd SERRA","@id":"https:\/\/framegirona.com\/#\/schema\/person\/e7080e4546ef696a7feeb00001bd2656"},"headline":"L&#8217;estrat\u00e8gia i la tecnologia al servei de la teva empresa","datePublished":"2020-08-15T14:34:52+00:00","dateModified":"2020-10-08T07:59:44+00:00","mainEntityOfPage":{"@id":"https:\/\/framegirona.com\/lestrategia-i-la-tecnologia-al-servei-de-la-teva-empresa\/"},"wordCount":367,"commentCount":0,"publisher":{"@id":"https:\/\/framegirona.com\/#organization"},"image":{"@id":"https:\/\/framegirona.com\/lestrategia-i-la-tecnologia-al-servei-de-la-teva-empresa\/#primaryimage"},"thumbnailUrl":"https:\/\/framegirona.com\/wp-content\/uploads\/2020\/09\/Foto-blog.jpg","articleSection":["Online"],"inLanguage":"es","potentialAction":[{"@type":"CommentAction","name":"Comment","target":["https:\/\/framegirona.com\/lestrategia-i-la-tecnologia-al-servei-de-la-teva-empresa\/#respond"]}]},{"@type":"WebPage","@id":"https:\/\/framegirona.com\/lestrategia-i-la-tecnologia-al-servei-de-la-teva-empresa\/","url":"https:\/\/framegirona.com\/lestrategia-i-la-tecnologia-al-servei-de-la-teva-empresa\/","name":"L'estrat\u00e8gia i la tecnologia al servei de la teva empresa &#183; Frame Girona","isPartOf":{"@id":"https:\/\/framegirona.com\/#website"},"primaryImageOfPage":{"@id":"https:\/\/framegirona.com\/lestrategia-i-la-tecnologia-al-servei-de-la-teva-empresa\/#primaryimage"},"image":{"@id":"https:\/\/framegirona.com\/lestrategia-i-la-tecnologia-al-servei-de-la-teva-empresa\/#primaryimage"},"thumbnailUrl":"https:\/\/framegirona.com\/wp-content\/uploads\/2020\/09\/Foto-blog.jpg","datePublished":"2020-08-15T14:34:52+00:00","dateModified":"2020-10-08T07:59:44+00:00","description":"Els conceptes com\u00a0e-commerce,\u00a0SEM,\u00a0SEO o\u00a0SMO\u00a0s\u00f3n\u00a0millores tecnol\u00f2giques\u00a0 imprescindibles\u00a0per entendre, gestionar i rendibilitzar\u00a0l'entorn del teu negoci.","breadcrumb":{"@id":"https:\/\/framegirona.com\/lestrategia-i-la-tecnologia-al-servei-de-la-teva-empresa\/#breadcrumb"},"inLanguage":"es","potentialAction":[{"@type":"ReadAction","target":["https:\/\/framegirona.com\/lestrategia-i-la-tecnologia-al-servei-de-la-teva-empresa\/"]}]},{"@type":"ImageObject","inLanguage":"es","@id":"https:\/\/framegirona.com\/lestrategia-i-la-tecnologia-al-servei-de-la-teva-empresa\/#primaryimage","url":"https:\/\/framegirona.com\/wp-content\/uploads\/2020\/09\/Foto-blog.jpg","contentUrl":"https:\/\/framegirona.com\/wp-content\/uploads\/2020\/09\/Foto-blog.jpg","width":1200,"height":800,"caption":"estrat\u00e8gia"},{"@type":"BreadcrumbList","@id":"https:\/\/framegirona.com\/lestrategia-i-la-tecnologia-al-servei-de-la-teva-empresa\/#breadcrumb","itemListElement":[{"@type":"ListItem","position":1,"name":"Home","item":"https:\/\/framegirona.com\/"},{"@type":"ListItem","position":2,"name":"L&#8217;estrat\u00e8gia i la tecnologia al servei de la teva empresa"}]},{"@type":"WebSite","@id":"https:\/\/framegirona.com\/#website","url":"https:\/\/framegirona.com\/","name":"Frame Girona Agencia de publicidad","description":"Agencia de comunicaci\u00f3n y publicidad","publisher":{"@id":"https:\/\/framegirona.com\/#organization"},"alternateName":"Agencia de publicidad y dise\u00f1o en Girona y Barcelona","potentialAction":[{"@type":"SearchAction","target":{"@type":"EntryPoint","urlTemplate":"https:\/\/framegirona.com\/?s={search_term_string}"},"query-input":{"@type":"PropertyValueSpecification","valueRequired":true,"valueName":"search_term_string"}}],"inLanguage":"es"},{"@type":"Organization","@id":"https:\/\/framegirona.com\/#organization","name":"Frame Girona SL Agencia de publicidad","alternateName":"Frame Girona Comunicaci\u00f3, publicitat i disseny","url":"https:\/\/framegirona.com\/","logo":{"@type":"ImageObject","inLanguage":"es","@id":"https:\/\/framegirona.com\/#\/schema\/logo\/image\/","url":"https:\/\/framegirona.com\/wp-content\/uploads\/2022\/09\/Logo-Frame.png","contentUrl":"https:\/\/framegirona.com\/wp-content\/uploads\/2022\/09\/Logo-Frame.png","width":1748,"height":1334,"caption":"Frame Girona SL Ag\u00e8ncia de publicitat"},"image":{"@id":"https:\/\/framegirona.com\/#\/schema\/logo\/image\/"},"sameAs":["https:\/\/www.facebook.com\/framegirona\/","https:\/\/www.linkedin.com\/company\/frame-girona","https:\/\/www.instagram.com\/framegirona\/"],"description":"Agencia de publicidad en Girona y la Costa Brava, especializados en dise\u00f1o gr\u00e1fico, dise\u00f1o y programaci\u00f3n web, posicionamiento de p\u00e1ginas web y publicidad y comunicaci\u00f3n por empresas.","email":"frame@framegirona.com","telephone":"972 20 58 65","legalName":"Frame Girona SL","foundingDate":"1998-05-23","numberOfEmployees":{"@type":"QuantitativeValue","minValue":"1","maxValue":"10"},"publishingPrinciples":"https:\/\/framegirona.com\/","ownershipFundingInfo":"https:\/\/framegirona.com\/avis-legal\/"},{"@type":"Person","@id":"https:\/\/framegirona.com\/#\/schema\/person\/e7080e4546ef696a7feeb00001bd2656","name":"OCTAVI MUN\u00cd SERRA","image":{"@type":"ImageObject","inLanguage":"es","@id":"https:\/\/secure.gravatar.com\/avatar\/7ccdc405037b71f391a45d9d27e0c76e7474d5e53b9554776989a01de66d58b8?s=96&d=mm&r=g","url":"https:\/\/secure.gravatar.com\/avatar\/7ccdc405037b71f391a45d9d27e0c76e7474d5e53b9554776989a01de66d58b8?s=96&d=mm&r=g","contentUrl":"https:\/\/secure.gravatar.com\/avatar\/7ccdc405037b71f391a45d9d27e0c76e7474d5e53b9554776989a01de66d58b8?s=96&d=mm&r=g","caption":"OCTAVI MUN\u00cd SERRA"},"sameAs":["https:\/\/framegirona.com"]}]}},"_links":{"self":[{"href":"https:\/\/framegirona.com\/es\/wp-json\/wp\/v2\/posts\/561","targetHints":{"allow":["GET"]}}],"collection":[{"href":"https:\/\/framegirona.com\/es\/wp-json\/wp\/v2\/posts"}],"about":[{"href":"https:\/\/framegirona.com\/es\/wp-json\/wp\/v2\/types\/post"}],"author":[{"embeddable":true,"href":"https:\/\/framegirona.com\/es\/wp-json\/wp\/v2\/users\/1"}],"replies":[{"embeddable":true,"href":"https:\/\/framegirona.com\/es\/wp-json\/wp\/v2\/comments?post=561"}],"version-history":[{"count":0,"href":"https:\/\/framegirona.com\/es\/wp-json\/wp\/v2\/posts\/561\/revisions"}],"wp:featuredmedia":[{"embeddable":true,"href":"https:\/\/framegirona.com\/es\/wp-json\/wp\/v2\/media\/562"}],"wp:attachment":[{"href":"https:\/\/framegirona.com\/es\/wp-json\/wp\/v2\/media?parent=561"}],"wp:term":[{"taxonomy":"category","embeddable":true,"href":"https:\/\/framegirona.com\/es\/wp-json\/wp\/v2\/categories?post=561"},{"taxonomy":"post_tag","embeddable":true,"href":"https:\/\/framegirona.com\/es\/wp-json\/wp\/v2\/tags?post=561"}],"curies":[{"name":"wp","href":"https:\/\/api.w.org\/{rel}","templated":true}]}}