{"id":1116,"date":"2020-09-24T16:36:11","date_gmt":"2020-09-24T14:36:11","guid":{"rendered":"https:\/\/www.framegirona.com\/?p=1116"},"modified":"2020-10-09T09:33:59","modified_gmt":"2020-10-09T07:33:59","slug":"gestiona-les-teves-cites-sistema-integrat-de-reserves","status":"publish","type":"post","link":"https:\/\/framegirona.com\/es\/gestiona-les-teves-cites-sistema-integrat-de-reserves\/","title":{"rendered":"Gestiona tus citas:\u00a0sistema integrado de reservas"},"content":{"rendered":"<p><span class=\"s1\"><strong>Este potente componente permite al usuario hacer la reserva en l\u00ednea, en cualquier momento del d\u00eda, cualquier d\u00eda de la semana, cualquier d\u00eda del a\u00f1o.<\/strong> As\u00ed el cliente escoge el d\u00eda y la hora que quiere la sesi\u00f3n, el tipo de servicio que necesita e incluso puede elegir qu\u00e9 profesional lo atender\u00e1, o qu\u00e9 actividad quiere hacer. Toda esta informaci\u00f3n junto con los datos de \u00e9l se env\u00edan autom\u00e1ticamente al sistema y se actualizan en el calendario de la empresa. Adem\u00e1s, este se comparte con todos los trabajadores. El sistema lo reconoce y ya no da la posibilidad de reservarlas. Ya no tendr\u00e1s que estar todo el d\u00eda pendiente de llamadas, mensajes, emails, grupos de WhatsApp\u2026 El componente lo hace por t\u00fa porque te puedas centrar en el que realmente sabes y quieres hacer.<\/span><\/p>\n<h5>Los beneficios principales que obtendr\u00e1s:<\/h5>\n<p><span class=\"s1\"><b>\u221a\u00a0<\/b><\/span><strong>Reserva directa<\/strong>: disponible en l\u00ednea. Tu cliente podr\u00e1 hacer la reserva directamente, escogiendo el profesional, el servicio que necesita y el horario que mejor le conviene de los disponibles (tiene en cuenta los horarios del personal, as\u00ed como los d\u00edas de vacaciones). Por lo tanto, no har\u00e1 falta que una persona est\u00e9 atendiendo al cliente, sino que funcionar\u00e1 m\u00e1s como un autoservicio. Adem\u00e1s, tendr\u00e1s sus datos para poderlas gestionar y saber qui\u00e9n es.<\/p>\n<p><span class=\"s1\"><b>\u221a\u00a0<\/b><\/span><strong>Sistema integrado<\/strong>: todos los profesionales est\u00e1n entrados y tienen acceso. De este modo, cualquier cambio efectuado tanto por el cliente como por el personal de la empresa se reflejar\u00e1 autom\u00e1ticamente en el sistema modificando la reserva. Con el sistema de alerta personalizado, recibir\u00e1 el aviso directamente a su dispositivo, evitando muchos dolores de cabeza.<\/p>\n<p><span class=\"s1\"><b>\u221a\u00a0<\/b><\/span><strong>Formato agenda<\/strong>: las reservas se pueden integrar con el Google Calendar, de este modo las ver\u00e9is en formato agenda, siente una ayuda visual muy potente. Olv\u00eddate de la agenda de papel compartida en un lugar fijo, o del problema de tener cada cual una agenda propia que no se comparte.<\/p>\n<p><span class=\"s1\"><b>\u221a\u00a0<\/b><\/span><strong>Personalizaci\u00f3n<\/strong>: te ajustamos el dise\u00f1o del Sistema de Reservas para que se adapte al de tu web, y respete la est\u00e9tica. Adem\u00e1s, te ofrecemos diferentes opciones seg\u00fan las necesidades de tu negocio: avisos por SMS, localizaciones, gesti\u00f3n de mesas, de servicios colaborativos, de listas de espera, de pagos, de descuentos, de impuestos, de reservas por grupos\u2026 Que no te falte de nada y no quede nada al aire.<\/p>\n<p><a href=\"https:\/\/www.araque.cat\/ara-que\/06-tecnologia-2\/\" target=\"_blank\" rel=\"noopener noreferrer\">M\u00e1s informaci\u00f3n<\/a><\/p>","protected":false},"excerpt":{"rendered":"<p>\u201cA cualquier hora del d\u00eda, cualquier d\u00eda de la semana, cualquier d\u00eda del a\u00f1o.\u201d<\/p>","protected":false},"author":1,"featured_media":581,"comment_status":"open","ping_status":"closed","sticky":false,"template":"","format":"standard","meta":{"footnotes":""},"categories":[4,3],"tags":[],"class_list":["post-1116","post","type-post","status-publish","format-standard","has-post-thumbnail","hentry","category-app","category-online"],"yoast_head":"<!-- This site is optimized with the Yoast SEO Premium plugin v24.2 (Yoast SEO v27.5) - https:\/\/yoast.com\/product\/yoast-seo-premium-wordpress\/ -->\n<title>Gestiona les teves cites:\u00a0sistema integrat de reserves &#183; Frame Girona<\/title>\n<meta name=\"description\" content=\"El sistema integrat de reserves permet a l\u2019usuari fer la reserva online, en qualsevol moment del dia, qualsevol dia de la setmana, qualsevol dia de l&#039;any.\" \/>\n<meta name=\"robots\" content=\"index, follow, max-snippet:-1, max-image-preview:large, max-video-preview:-1\" \/>\n<link rel=\"canonical\" href=\"https:\/\/framegirona.com\/es\/gestiona-les-teves-cites-sistema-integrat-de-reserves\/\" \/>\n<meta property=\"og:locale\" content=\"es_ES\" \/>\n<meta property=\"og:type\" content=\"article\" \/>\n<meta property=\"og:title\" content=\"Gestiona les teves cites:\u00a0sistema integrat de reserves\" \/>\n<meta property=\"og:description\" content=\"El sistema integrat de reserves permet a l\u2019usuari fer la reserva online, en qualsevol moment del dia, qualsevol dia de la setmana, qualsevol dia de l&#039;any.\" \/>\n<meta property=\"og:url\" content=\"https:\/\/framegirona.com\/es\/gestiona-les-teves-cites-sistema-integrat-de-reserves\/\" \/>\n<meta property=\"og:site_name\" content=\"Frame Girona\" \/>\n<meta property=\"article:publisher\" content=\"https:\/\/www.facebook.com\/framegirona\/\" \/>\n<meta property=\"article:published_time\" content=\"2020-09-24T14:36:11+00:00\" \/>\n<meta property=\"article:modified_time\" content=\"2020-10-09T07:33:59+00:00\" \/>\n<meta property=\"og:image\" content=\"https:\/\/framegirona.com\/wp-content\/uploads\/2020\/09\/4mans-sistema_reserves-frame_mostra.jpg\" \/>\n\t<meta property=\"og:image:width\" content=\"2000\" \/>\n\t<meta property=\"og:image:height\" content=\"1114\" \/>\n\t<meta property=\"og:image:type\" content=\"image\/jpeg\" \/>\n<meta name=\"author\" content=\"OCTAVI MUN\u00cd SERRA\" \/>\n<meta name=\"twitter:card\" content=\"summary_large_image\" \/>\n<meta name=\"twitter:label1\" content=\"Escrito por\" \/>\n\t<meta name=\"twitter:data1\" content=\"OCTAVI MUN\u00cd SERRA\" \/>\n\t<meta name=\"twitter:label2\" content=\"Tiempo de lectura\" \/>\n\t<meta name=\"twitter:data2\" content=\"2 minutos\" \/>\n<script type=\"application\/ld+json\" class=\"yoast-schema-graph\">{\"@context\":\"https:\\\/\\\/schema.org\",\"@graph\":[{\"@type\":\"Article\",\"@id\":\"https:\\\/\\\/framegirona.com\\\/gestiona-les-teves-cites-sistema-integrat-de-reserves\\\/#article\",\"isPartOf\":{\"@id\":\"https:\\\/\\\/framegirona.com\\\/gestiona-les-teves-cites-sistema-integrat-de-reserves\\\/\"},\"author\":{\"name\":\"OCTAVI MUN\u00cd SERRA\",\"@id\":\"https:\\\/\\\/framegirona.com\\\/#\\\/schema\\\/person\\\/e7080e4546ef696a7feeb00001bd2656\"},\"headline\":\"Gestiona les teves cites:\u00a0sistema integrat de reserves\",\"datePublished\":\"2020-09-24T14:36:11+00:00\",\"dateModified\":\"2020-10-09T07:33:59+00:00\",\"mainEntityOfPage\":{\"@id\":\"https:\\\/\\\/framegirona.com\\\/gestiona-les-teves-cites-sistema-integrat-de-reserves\\\/\"},\"wordCount\":414,\"commentCount\":0,\"publisher\":{\"@id\":\"https:\\\/\\\/framegirona.com\\\/#organization\"},\"image\":{\"@id\":\"https:\\\/\\\/framegirona.com\\\/gestiona-les-teves-cites-sistema-integrat-de-reserves\\\/#primaryimage\"},\"thumbnailUrl\":\"https:\\\/\\\/framegirona.com\\\/wp-content\\\/uploads\\\/2020\\\/09\\\/4mans-sistema_reserves-frame_mostra.jpg\",\"articleSection\":[\"App\",\"Online\"],\"inLanguage\":\"es\",\"potentialAction\":[{\"@type\":\"CommentAction\",\"name\":\"Comment\",\"target\":[\"https:\\\/\\\/framegirona.com\\\/gestiona-les-teves-cites-sistema-integrat-de-reserves\\\/#respond\"]}]},{\"@type\":\"WebPage\",\"@id\":\"https:\\\/\\\/framegirona.com\\\/gestiona-les-teves-cites-sistema-integrat-de-reserves\\\/\",\"url\":\"https:\\\/\\\/framegirona.com\\\/gestiona-les-teves-cites-sistema-integrat-de-reserves\\\/\",\"name\":\"Gestiona les teves cites:\u00a0sistema integrat de reserves &#183; Frame Girona\",\"isPartOf\":{\"@id\":\"https:\\\/\\\/framegirona.com\\\/#website\"},\"primaryImageOfPage\":{\"@id\":\"https:\\\/\\\/framegirona.com\\\/gestiona-les-teves-cites-sistema-integrat-de-reserves\\\/#primaryimage\"},\"image\":{\"@id\":\"https:\\\/\\\/framegirona.com\\\/gestiona-les-teves-cites-sistema-integrat-de-reserves\\\/#primaryimage\"},\"thumbnailUrl\":\"https:\\\/\\\/framegirona.com\\\/wp-content\\\/uploads\\\/2020\\\/09\\\/4mans-sistema_reserves-frame_mostra.jpg\",\"datePublished\":\"2020-09-24T14:36:11+00:00\",\"dateModified\":\"2020-10-09T07:33:59+00:00\",\"description\":\"El sistema integrat de reserves permet a l\u2019usuari fer la reserva online, en qualsevol moment del dia, qualsevol dia de la setmana, qualsevol dia de l'any.\",\"breadcrumb\":{\"@id\":\"https:\\\/\\\/framegirona.com\\\/gestiona-les-teves-cites-sistema-integrat-de-reserves\\\/#breadcrumb\"},\"inLanguage\":\"es\",\"potentialAction\":[{\"@type\":\"ReadAction\",\"target\":[\"https:\\\/\\\/framegirona.com\\\/gestiona-les-teves-cites-sistema-integrat-de-reserves\\\/\"]}]},{\"@type\":\"ImageObject\",\"inLanguage\":\"es\",\"@id\":\"https:\\\/\\\/framegirona.com\\\/gestiona-les-teves-cites-sistema-integrat-de-reserves\\\/#primaryimage\",\"url\":\"https:\\\/\\\/framegirona.com\\\/wp-content\\\/uploads\\\/2020\\\/09\\\/4mans-sistema_reserves-frame_mostra.jpg\",\"contentUrl\":\"https:\\\/\\\/framegirona.com\\\/wp-content\\\/uploads\\\/2020\\\/09\\\/4mans-sistema_reserves-frame_mostra.jpg\",\"width\":2000,\"height\":1114,\"caption\":\"Sistema integrat de reserves fisioterapia\"},{\"@type\":\"BreadcrumbList\",\"@id\":\"https:\\\/\\\/framegirona.com\\\/gestiona-les-teves-cites-sistema-integrat-de-reserves\\\/#breadcrumb\",\"itemListElement\":[{\"@type\":\"ListItem\",\"position\":1,\"name\":\"Home\",\"item\":\"https:\\\/\\\/framegirona.com\\\/\"},{\"@type\":\"ListItem\",\"position\":2,\"name\":\"Gestiona les teves cites:\u00a0sistema integrat de reserves\"}]},{\"@type\":\"WebSite\",\"@id\":\"https:\\\/\\\/framegirona.com\\\/#website\",\"url\":\"https:\\\/\\\/framegirona.com\\\/\",\"name\":\"Frame Girona Ag\u00e8ncia de publicitat\",\"description\":\"Agencia de comunicaci\u00f3n y publicidad\",\"publisher\":{\"@id\":\"https:\\\/\\\/framegirona.com\\\/#organization\"},\"alternateName\":\"Agencia de publicidad y dise\u00f1o en Girona y Barcelona\",\"potentialAction\":[{\"@type\":\"SearchAction\",\"target\":{\"@type\":\"EntryPoint\",\"urlTemplate\":\"https:\\\/\\\/framegirona.com\\\/?s={search_term_string}\"},\"query-input\":{\"@type\":\"PropertyValueSpecification\",\"valueRequired\":true,\"valueName\":\"search_term_string\"}}],\"inLanguage\":\"es\"},{\"@type\":\"Organization\",\"@id\":\"https:\\\/\\\/framegirona.com\\\/#organization\",\"name\":\"Frame Girona SL Ag\u00e8ncia de publicitat\",\"alternateName\":\"Frame Girona Comunicaci\u00f3, publicitat i disseny\",\"url\":\"https:\\\/\\\/framegirona.com\\\/\",\"logo\":{\"@type\":\"ImageObject\",\"inLanguage\":\"es\",\"@id\":\"https:\\\/\\\/framegirona.com\\\/#\\\/schema\\\/logo\\\/image\\\/\",\"url\":\"https:\\\/\\\/framegirona.com\\\/wp-content\\\/uploads\\\/2022\\\/09\\\/Logo-Frame.png\",\"contentUrl\":\"https:\\\/\\\/framegirona.com\\\/wp-content\\\/uploads\\\/2022\\\/09\\\/Logo-Frame.png\",\"width\":1748,\"height\":1334,\"caption\":\"Frame Girona SL Ag\u00e8ncia de publicitat\"},\"image\":{\"@id\":\"https:\\\/\\\/framegirona.com\\\/#\\\/schema\\\/logo\\\/image\\\/\"},\"sameAs\":[\"https:\\\/\\\/www.facebook.com\\\/framegirona\\\/\",\"https:\\\/\\\/www.linkedin.com\\\/company\\\/frame-girona\",\"https:\\\/\\\/www.instagram.com\\\/framegirona\\\/\"],\"description\":\"Ag\u00e8ncia de publicitat a Girona i la Costa Brava, especialitzats en disseny gr\u00e0fic, disseny i programaci\u00f3 web, posicionament de p\u00e0gines web i publicitat i comunicaci\u00f3 per empreses.\",\"email\":\"frame@framegirona.com\",\"telephone\":\"972 20 58 65\",\"legalName\":\"Frame Girona SL\",\"foundingDate\":\"1998-05-23\",\"numberOfEmployees\":{\"@type\":\"QuantitativeValue\",\"minValue\":\"1\",\"maxValue\":\"10\"},\"publishingPrinciples\":\"https:\\\/\\\/framegirona.com\\\/\",\"ownershipFundingInfo\":\"https:\\\/\\\/framegirona.com\\\/avis-legal\\\/\"},{\"@type\":\"Person\",\"@id\":\"https:\\\/\\\/framegirona.com\\\/#\\\/schema\\\/person\\\/e7080e4546ef696a7feeb00001bd2656\",\"name\":\"OCTAVI MUN\u00cd SERRA\",\"image\":{\"@type\":\"ImageObject\",\"inLanguage\":\"es\",\"@id\":\"https:\\\/\\\/secure.gravatar.com\\\/avatar\\\/7ccdc405037b71f391a45d9d27e0c76e7474d5e53b9554776989a01de66d58b8?s=96&d=mm&r=g\",\"url\":\"https:\\\/\\\/secure.gravatar.com\\\/avatar\\\/7ccdc405037b71f391a45d9d27e0c76e7474d5e53b9554776989a01de66d58b8?s=96&d=mm&r=g\",\"contentUrl\":\"https:\\\/\\\/secure.gravatar.com\\\/avatar\\\/7ccdc405037b71f391a45d9d27e0c76e7474d5e53b9554776989a01de66d58b8?s=96&d=mm&r=g\",\"caption\":\"OCTAVI MUN\u00cd SERRA\"},\"sameAs\":[\"https:\\\/\\\/framegirona.com\"]}]}<\/script>\n<!-- \/ Yoast SEO Premium plugin. -->","yoast_head_json":{"title":"Gestiona tus citas: sistema de reservas integrado \u00b7 Frame Girona","description":"El sistema de reservas integrado permite al usuario realizar una reserva online en cualquier momento del d\u00eda, cualquier d\u00eda de la semana, cualquier d\u00eda del a\u00f1o.","robots":{"index":"index","follow":"follow","max-snippet":"max-snippet:-1","max-image-preview":"max-image-preview:large","max-video-preview":"max-video-preview:-1"},"canonical":"https:\/\/framegirona.com\/es\/gestiona-les-teves-cites-sistema-integrat-de-reserves\/","og_locale":"es_ES","og_type":"article","og_title":"Gestiona les teves cites:\u00a0sistema integrat de reserves","og_description":"El sistema integrat de reserves permet a l\u2019usuari fer la reserva online, en qualsevol moment del dia, qualsevol dia de la setmana, qualsevol dia de l'any.","og_url":"https:\/\/framegirona.com\/es\/gestiona-les-teves-cites-sistema-integrat-de-reserves\/","og_site_name":"Frame Girona","article_publisher":"https:\/\/www.facebook.com\/framegirona\/","article_published_time":"2020-09-24T14:36:11+00:00","article_modified_time":"2020-10-09T07:33:59+00:00","og_image":[{"width":2000,"height":1114,"url":"https:\/\/framegirona.com\/wp-content\/uploads\/2020\/09\/4mans-sistema_reserves-frame_mostra.jpg","type":"image\/jpeg"}],"author":"OCTAVI MUN\u00cd SERRA","twitter_card":"summary_large_image","twitter_misc":{"Escrito por":"OCTAVI MUN\u00cd SERRA","Tiempo de lectura":"2 minutos"},"schema":{"@context":"https:\/\/schema.org","@graph":[{"@type":"Article","@id":"https:\/\/framegirona.com\/gestiona-les-teves-cites-sistema-integrat-de-reserves\/#article","isPartOf":{"@id":"https:\/\/framegirona.com\/gestiona-les-teves-cites-sistema-integrat-de-reserves\/"},"author":{"name":"OCTAVI MUN\u00cd SERRA","@id":"https:\/\/framegirona.com\/#\/schema\/person\/e7080e4546ef696a7feeb00001bd2656"},"headline":"Gestiona les teves cites:\u00a0sistema integrat de reserves","datePublished":"2020-09-24T14:36:11+00:00","dateModified":"2020-10-09T07:33:59+00:00","mainEntityOfPage":{"@id":"https:\/\/framegirona.com\/gestiona-les-teves-cites-sistema-integrat-de-reserves\/"},"wordCount":414,"commentCount":0,"publisher":{"@id":"https:\/\/framegirona.com\/#organization"},"image":{"@id":"https:\/\/framegirona.com\/gestiona-les-teves-cites-sistema-integrat-de-reserves\/#primaryimage"},"thumbnailUrl":"https:\/\/framegirona.com\/wp-content\/uploads\/2020\/09\/4mans-sistema_reserves-frame_mostra.jpg","articleSection":["App","Online"],"inLanguage":"es","potentialAction":[{"@type":"CommentAction","name":"Comment","target":["https:\/\/framegirona.com\/gestiona-les-teves-cites-sistema-integrat-de-reserves\/#respond"]}]},{"@type":"WebPage","@id":"https:\/\/framegirona.com\/gestiona-les-teves-cites-sistema-integrat-de-reserves\/","url":"https:\/\/framegirona.com\/gestiona-les-teves-cites-sistema-integrat-de-reserves\/","name":"Gestiona tus citas: sistema de reservas integrado \u00b7 Frame Girona","isPartOf":{"@id":"https:\/\/framegirona.com\/#website"},"primaryImageOfPage":{"@id":"https:\/\/framegirona.com\/gestiona-les-teves-cites-sistema-integrat-de-reserves\/#primaryimage"},"image":{"@id":"https:\/\/framegirona.com\/gestiona-les-teves-cites-sistema-integrat-de-reserves\/#primaryimage"},"thumbnailUrl":"https:\/\/framegirona.com\/wp-content\/uploads\/2020\/09\/4mans-sistema_reserves-frame_mostra.jpg","datePublished":"2020-09-24T14:36:11+00:00","dateModified":"2020-10-09T07:33:59+00:00","description":"El sistema de reservas integrado permite al usuario realizar una reserva online en cualquier momento del d\u00eda, cualquier d\u00eda de la semana, cualquier d\u00eda del a\u00f1o.","breadcrumb":{"@id":"https:\/\/framegirona.com\/gestiona-les-teves-cites-sistema-integrat-de-reserves\/#breadcrumb"},"inLanguage":"es","potentialAction":[{"@type":"ReadAction","target":["https:\/\/framegirona.com\/gestiona-les-teves-cites-sistema-integrat-de-reserves\/"]}]},{"@type":"ImageObject","inLanguage":"es","@id":"https:\/\/framegirona.com\/gestiona-les-teves-cites-sistema-integrat-de-reserves\/#primaryimage","url":"https:\/\/framegirona.com\/wp-content\/uploads\/2020\/09\/4mans-sistema_reserves-frame_mostra.jpg","contentUrl":"https:\/\/framegirona.com\/wp-content\/uploads\/2020\/09\/4mans-sistema_reserves-frame_mostra.jpg","width":2000,"height":1114,"caption":"Sistema integrat de reserves fisioterapia"},{"@type":"BreadcrumbList","@id":"https:\/\/framegirona.com\/gestiona-les-teves-cites-sistema-integrat-de-reserves\/#breadcrumb","itemListElement":[{"@type":"ListItem","position":1,"name":"Home","item":"https:\/\/framegirona.com\/"},{"@type":"ListItem","position":2,"name":"Gestiona les teves cites:\u00a0sistema integrat de reserves"}]},{"@type":"WebSite","@id":"https:\/\/framegirona.com\/#website","url":"https:\/\/framegirona.com\/","name":"Frame Girona Agencia de publicidad","description":"Agencia de comunicaci\u00f3n y publicidad","publisher":{"@id":"https:\/\/framegirona.com\/#organization"},"alternateName":"Agencia de publicidad y dise\u00f1o en Girona y Barcelona","potentialAction":[{"@type":"SearchAction","target":{"@type":"EntryPoint","urlTemplate":"https:\/\/framegirona.com\/?s={search_term_string}"},"query-input":{"@type":"PropertyValueSpecification","valueRequired":true,"valueName":"search_term_string"}}],"inLanguage":"es"},{"@type":"Organization","@id":"https:\/\/framegirona.com\/#organization","name":"Frame Girona SL Agencia de publicidad","alternateName":"Frame Girona Comunicaci\u00f3, publicitat i disseny","url":"https:\/\/framegirona.com\/","logo":{"@type":"ImageObject","inLanguage":"es","@id":"https:\/\/framegirona.com\/#\/schema\/logo\/image\/","url":"https:\/\/framegirona.com\/wp-content\/uploads\/2022\/09\/Logo-Frame.png","contentUrl":"https:\/\/framegirona.com\/wp-content\/uploads\/2022\/09\/Logo-Frame.png","width":1748,"height":1334,"caption":"Frame Girona SL Ag\u00e8ncia de publicitat"},"image":{"@id":"https:\/\/framegirona.com\/#\/schema\/logo\/image\/"},"sameAs":["https:\/\/www.facebook.com\/framegirona\/","https:\/\/www.linkedin.com\/company\/frame-girona","https:\/\/www.instagram.com\/framegirona\/"],"description":"Agencia de publicidad en Girona y la Costa Brava, especializados en dise\u00f1o gr\u00e1fico, dise\u00f1o y programaci\u00f3n web, posicionamiento de p\u00e1ginas web y publicidad y comunicaci\u00f3n por empresas.","email":"frame@framegirona.com","telephone":"972 20 58 65","legalName":"Frame Girona SL","foundingDate":"1998-05-23","numberOfEmployees":{"@type":"QuantitativeValue","minValue":"1","maxValue":"10"},"publishingPrinciples":"https:\/\/framegirona.com\/","ownershipFundingInfo":"https:\/\/framegirona.com\/avis-legal\/"},{"@type":"Person","@id":"https:\/\/framegirona.com\/#\/schema\/person\/e7080e4546ef696a7feeb00001bd2656","name":"OCTAVI MUN\u00cd SERRA","image":{"@type":"ImageObject","inLanguage":"es","@id":"https:\/\/secure.gravatar.com\/avatar\/7ccdc405037b71f391a45d9d27e0c76e7474d5e53b9554776989a01de66d58b8?s=96&d=mm&r=g","url":"https:\/\/secure.gravatar.com\/avatar\/7ccdc405037b71f391a45d9d27e0c76e7474d5e53b9554776989a01de66d58b8?s=96&d=mm&r=g","contentUrl":"https:\/\/secure.gravatar.com\/avatar\/7ccdc405037b71f391a45d9d27e0c76e7474d5e53b9554776989a01de66d58b8?s=96&d=mm&r=g","caption":"OCTAVI MUN\u00cd SERRA"},"sameAs":["https:\/\/framegirona.com"]}]}},"_links":{"self":[{"href":"https:\/\/framegirona.com\/es\/wp-json\/wp\/v2\/posts\/1116","targetHints":{"allow":["GET"]}}],"collection":[{"href":"https:\/\/framegirona.com\/es\/wp-json\/wp\/v2\/posts"}],"about":[{"href":"https:\/\/framegirona.com\/es\/wp-json\/wp\/v2\/types\/post"}],"author":[{"embeddable":true,"href":"https:\/\/framegirona.com\/es\/wp-json\/wp\/v2\/users\/1"}],"replies":[{"embeddable":true,"href":"https:\/\/framegirona.com\/es\/wp-json\/wp\/v2\/comments?post=1116"}],"version-history":[{"count":0,"href":"https:\/\/framegirona.com\/es\/wp-json\/wp\/v2\/posts\/1116\/revisions"}],"wp:featuredmedia":[{"embeddable":true,"href":"https:\/\/framegirona.com\/es\/wp-json\/wp\/v2\/media\/581"}],"wp:attachment":[{"href":"https:\/\/framegirona.com\/es\/wp-json\/wp\/v2\/media?parent=1116"}],"wp:term":[{"taxonomy":"category","embeddable":true,"href":"https:\/\/framegirona.com\/es\/wp-json\/wp\/v2\/categories?post=1116"},{"taxonomy":"post_tag","embeddable":true,"href":"https:\/\/framegirona.com\/es\/wp-json\/wp\/v2\/tags?post=1116"}],"curies":[{"name":"wp","href":"https:\/\/api.w.org\/{rel}","templated":true}]}}