{"id":9670,"date":"2021-11-24T12:16:48","date_gmt":"2021-11-24T11:16:48","guid":{"rendered":"https:\/\/www.framegirona.com\/?p=9670"},"modified":"2022-04-14T11:11:21","modified_gmt":"2022-04-14T09:11:21","slug":"marqueting-estacional","status":"publish","type":"post","link":"https:\/\/framegirona.com\/en\/marqueting-estacional\/","title":{"rendered":"Seasonal marketing"},"content":{"rendered":"<h2><b>WHEN THE CALENDAR MARKED YOUR COMMUNICATION<\/b><\/h2>\n<p>Throughout the year there are different dates, such as holidays, Christmas, Mother&#039;s Day, etc., in which it is essential to apply specific business or communication strategies. When holidays approach, your company has different needs than the rest of the year, right? On the one hand, you have more demand, on the other hand, your activity is very much framed in specific periods.\u00a0<strong>You have the product, have you thought about how you communicate throughout the year?<\/strong> It is essential that you report your activity as soon as you are active, for these reasons seasonal marketing will be essential.<\/p>\n<p>&nbsp;<\/p>\n<h3><b>WHAT IS IT AND HOW TO APPLY IT<\/b><\/h3>\n<p>It is about <strong>segment the year taking into account the different special dates, to carry out specific actions and achieve greater impact among the public<\/strong>. That is, they are temporary plans on specific days or holidays. During these dates, sales and consumer interest are higher, which is why it is important to communicate differently.<\/p>\n<ul>\n<li>Christmas<\/li>\n<li>Sales<\/li>\n<li>Black Friday<\/li>\n<li>Cyber Monday<\/li>\n<li>Specific day: Mother&#039;s Day, Valentine&#039;s Day, Sant Jordi...<\/li>\n<li>International day related to your company: Pet Day, Ice Cream Day, Photography Day...<\/li>\n<\/ul>\n<p>&nbsp;<\/p>\n<p>In these times, the competition also creates unique campaigns, causing the customer to become saturated and lose interest among so much information. That is why <strong>you have to think carefully about your strategy and create original and attractive content<\/strong>. The steps to follow are:<\/p>\n<ul>\n<li><strong>Set the calendar:<\/strong> Mark the dates or periods in which you want to make communications.<\/li>\n<li><strong>Actions:<\/strong> details what and how to do it. Planning is essential to avoid errors and create content on time.<\/li>\n<li><strong>Adapt the product or service:<\/strong> Adjust the product or service to the temporary characteristics. Create offers, gifts, etc., making the deadline clear, this point will help you reach new audiences.<\/li>\n<li><strong>Communication channels:<\/strong> Intensify and create content for the different channels you want to use: social networks, website, blog, email, etc.<\/li>\n<\/ul>\n<p>&nbsp;<\/p>\n<h3><b>TYPE OF SEASONALITY<\/b><\/h3>\n<p>Not all products or services have the same characteristics and, therefore, the same strategies are not applied. We can classify them as:<\/p>\n<h4>1. ACTIVITY AT A SPECIFIC TIME<\/h4>\n<p>It is the case of <strong>products and services that are marketed at a specific time of year<\/strong>, such as sunscreen, skiing, nougat, etc. In the consumer&#039;s mind, it is also linked to a single period of time.\u00a0<em>A specific case<\/em> Ferrero Rocher chocolates are of this type. The product, due to its quality, is only marketed in winter and, for this reason, it focuses on getting the public to associate them with this season and Christmas in particular.<\/p>\n<h4>2. STOCK CHANGES ACCORDING TO SEASON<\/h4>\n<p>There are sectors, such as fashion, that serve products all year round, but <strong>the stock to offer changes according to the customer&#039;s needs<\/strong>, since winter clothes are not the same as summer clothes.\u00a0<em>An example<\/em> is the El Corte Ingl\u00e9s campaign, we all have phrases in our heads like \u201cIt&#039;s spring at El Corte Ingl\u00e9s\u201d.<\/p>\n<h4>3. PROMOTION OF SPECIFIC PRODUCTS<\/h4>\n<p>The last typology is\u00a0<strong>products or services that are not limited by seasons<\/strong>, but they can be consumed throughout the year. In these cases, however, special promotions and communications can be created to promote some in particular for specific dates.<\/p>\n<p>&nbsp;<\/p>\n<h3><b>TIPS FOR GOOD SEASONAL MARKETING<\/b><\/h3>\n<ol>\n<li>Don&#039;t lose the essence of your brand, seek to strengthen it.<\/li>\n<li>Get your message across without overwhelming the audience.<\/li>\n<li>Don&#039;t force a message that doesn&#039;t align with your activity just to meet the deadline.<\/li>\n<\/ol>\n<p>&nbsp;<\/p>\n<p>&nbsp;<\/p>\n<h2><b>WHAT WE DO FOR YOUR CAMPAIGN<\/b><\/h2>\n<p>In seasonal communication, it is essential to resort to creativity to stand out from the competition, without losing our brand values. We can use emotion to build customer loyalty and establish bonds with them, the personal and human touch in commercial activities makes consumer trust higher.<\/p>\n<p><strong>Girona Frame<\/strong> We prepare your campaign, from a greeting to something more interactive, in different formats:<\/p>\n<ul>\n<li>paper<\/li>\n<li>newsletter<\/li>\n<li>video<\/li>\n<li>slide<\/li>\n<li>banner<\/li>\n<li>full campaign<\/li>\n<\/ul>\n<p>&nbsp;<\/p>\n<p>Contact us and <a href=\"mailto:comercial@framegirona.com\" target=\"_blank\" rel=\"noopener\">we inform you<\/a>.<\/p>\n<p>&nbsp;<\/p>\n<h3><b><span style=\"color: #000000;\"><a style=\"color: #000000;\" href=\"https:\/\/framegirona.com\/en\/\">F\/<\/a><\/span> New modern things in the old-fashioned way.<\/b><\/h3>","protected":false},"excerpt":{"rendered":"<p>&#8220;Durant aquestes dates, les vendes i l\u2019inter\u00e8s dels consumidors \u00e9s m\u00e9s elevat, per aix\u00f2 \u00e9s important comunicar-nos de manera diferent.&#8221;<\/p>","protected":false},"author":1,"featured_media":11430,"comment_status":"open","ping_status":"closed","sticky":false,"template":"","format":"standard","meta":{"footnotes":""},"categories":[6],"tags":[],"class_list":["post-9670","post","type-post","status-publish","format-standard","has-post-thumbnail","hentry","category-comunicacio"],"yoast_head":"<!-- This site is optimized with the Yoast SEO Premium plugin v24.2 (Yoast SEO v27.5) - https:\/\/yoast.com\/product\/yoast-seo-premium-wordpress\/ -->\n<title>M\u00e0rqueting estacional \u00b7 Comunicaci\u00f3 \u00b7 Frame Girona<\/title>\n<meta name=\"description\" content=\"Existeixen diferents dates en les quals necessites una comunicaci\u00f3 espec\u00edfica, com Nadal, Rebaixes, etc. Utilitza el m\u00e0rqueting estacional.\" \/>\n<meta name=\"robots\" content=\"index, follow, max-snippet:-1, max-image-preview:large, max-video-preview:-1\" \/>\n<link rel=\"canonical\" href=\"https:\/\/framegirona.com\/en\/marqueting-estacional\/\" \/>\n<meta property=\"og:locale\" content=\"en_GB\" \/>\n<meta property=\"og:type\" content=\"article\" \/>\n<meta property=\"og:title\" content=\"M\u00e0rqueting estacional\" \/>\n<meta property=\"og:description\" content=\"Existeixen diferents dates en les quals necessites una comunicaci\u00f3 espec\u00edfica, com Nadal, Rebaixes, etc. Utilitza el m\u00e0rqueting estacional.\" \/>\n<meta property=\"og:url\" content=\"https:\/\/framegirona.com\/en\/marqueting-estacional\/\" \/>\n<meta property=\"og:site_name\" content=\"Frame Girona\" \/>\n<meta property=\"article:publisher\" content=\"https:\/\/www.facebook.com\/framegirona\/\" \/>\n<meta property=\"article:published_time\" content=\"2021-11-24T11:16:48+00:00\" \/>\n<meta property=\"article:modified_time\" content=\"2022-04-14T09:11:21+00:00\" \/>\n<meta property=\"og:image\" content=\"https:\/\/framegirona.com\/wp-content\/uploads\/2021\/11\/blog01.jpg\" \/>\n\t<meta property=\"og:image:width\" content=\"1600\" \/>\n\t<meta property=\"og:image:height\" content=\"684\" \/>\n\t<meta property=\"og:image:type\" content=\"image\/jpeg\" \/>\n<meta name=\"author\" content=\"OCTAVI MUN\u00cd SERRA\" \/>\n<meta name=\"twitter:card\" content=\"summary_large_image\" \/>\n<meta name=\"twitter:label1\" content=\"Written by\" \/>\n\t<meta name=\"twitter:data1\" content=\"OCTAVI MUN\u00cd SERRA\" \/>\n\t<meta name=\"twitter:label2\" content=\"Estimated reading time\" \/>\n\t<meta name=\"twitter:data2\" content=\"4 minutes\" \/>\n<script type=\"application\/ld+json\" class=\"yoast-schema-graph\">{\"@context\":\"https:\\\/\\\/schema.org\",\"@graph\":[{\"@type\":\"Article\",\"@id\":\"https:\\\/\\\/framegirona.com\\\/es\\\/marqueting-estacional\\\/#article\",\"isPartOf\":{\"@id\":\"https:\\\/\\\/framegirona.com\\\/es\\\/marqueting-estacional\\\/\"},\"author\":{\"name\":\"OCTAVI MUN\u00cd SERRA\",\"@id\":\"https:\\\/\\\/framegirona.com\\\/#\\\/schema\\\/person\\\/e7080e4546ef696a7feeb00001bd2656\"},\"headline\":\"M\u00e0rqueting estacional\",\"datePublished\":\"2021-11-24T11:16:48+00:00\",\"dateModified\":\"2022-04-14T09:11:21+00:00\",\"mainEntityOfPage\":{\"@id\":\"https:\\\/\\\/framegirona.com\\\/es\\\/marqueting-estacional\\\/\"},\"wordCount\":760,\"commentCount\":0,\"publisher\":{\"@id\":\"https:\\\/\\\/framegirona.com\\\/#organization\"},\"image\":{\"@id\":\"https:\\\/\\\/framegirona.com\\\/es\\\/marqueting-estacional\\\/#primaryimage\"},\"thumbnailUrl\":\"https:\\\/\\\/framegirona.com\\\/wp-content\\\/uploads\\\/2021\\\/11\\\/blog01.jpg\",\"articleSection\":[\"Comunicaci\u00f3\"],\"inLanguage\":\"en-GB\",\"potentialAction\":[{\"@type\":\"CommentAction\",\"name\":\"Comment\",\"target\":[\"https:\\\/\\\/framegirona.com\\\/es\\\/marqueting-estacional\\\/#respond\"]}]},{\"@type\":\"WebPage\",\"@id\":\"https:\\\/\\\/framegirona.com\\\/es\\\/marqueting-estacional\\\/\",\"url\":\"https:\\\/\\\/framegirona.com\\\/es\\\/marqueting-estacional\\\/\",\"name\":\"M\u00e0rqueting estacional \u00b7 Comunicaci\u00f3 \u00b7 Frame Girona\",\"isPartOf\":{\"@id\":\"https:\\\/\\\/framegirona.com\\\/#website\"},\"primaryImageOfPage\":{\"@id\":\"https:\\\/\\\/framegirona.com\\\/es\\\/marqueting-estacional\\\/#primaryimage\"},\"image\":{\"@id\":\"https:\\\/\\\/framegirona.com\\\/es\\\/marqueting-estacional\\\/#primaryimage\"},\"thumbnailUrl\":\"https:\\\/\\\/framegirona.com\\\/wp-content\\\/uploads\\\/2021\\\/11\\\/blog01.jpg\",\"datePublished\":\"2021-11-24T11:16:48+00:00\",\"dateModified\":\"2022-04-14T09:11:21+00:00\",\"description\":\"Existeixen diferents dates en les quals necessites una comunicaci\u00f3 espec\u00edfica, com Nadal, Rebaixes, etc. Utilitza el m\u00e0rqueting estacional.\",\"breadcrumb\":{\"@id\":\"https:\\\/\\\/framegirona.com\\\/es\\\/marqueting-estacional\\\/#breadcrumb\"},\"inLanguage\":\"en-GB\",\"potentialAction\":[{\"@type\":\"ReadAction\",\"target\":[\"https:\\\/\\\/framegirona.com\\\/es\\\/marqueting-estacional\\\/\"]}]},{\"@type\":\"ImageObject\",\"inLanguage\":\"en-GB\",\"@id\":\"https:\\\/\\\/framegirona.com\\\/es\\\/marqueting-estacional\\\/#primaryimage\",\"url\":\"https:\\\/\\\/framegirona.com\\\/wp-content\\\/uploads\\\/2021\\\/11\\\/blog01.jpg\",\"contentUrl\":\"https:\\\/\\\/framegirona.com\\\/wp-content\\\/uploads\\\/2021\\\/11\\\/blog01.jpg\",\"width\":1600,\"height\":684,\"caption\":\"marqueting estacional\"},{\"@type\":\"BreadcrumbList\",\"@id\":\"https:\\\/\\\/framegirona.com\\\/es\\\/marqueting-estacional\\\/#breadcrumb\",\"itemListElement\":[{\"@type\":\"ListItem\",\"position\":1,\"name\":\"Home\",\"item\":\"https:\\\/\\\/framegirona.com\\\/\"},{\"@type\":\"ListItem\",\"position\":2,\"name\":\"M\u00e0rqueting estacional\"}]},{\"@type\":\"WebSite\",\"@id\":\"https:\\\/\\\/framegirona.com\\\/#website\",\"url\":\"https:\\\/\\\/framegirona.com\\\/\",\"name\":\"Frame Girona Ag\u00e8ncia de publicitat\",\"description\":\"Agencia de comunicaci\u00f3n y publicidad\",\"publisher\":{\"@id\":\"https:\\\/\\\/framegirona.com\\\/#organization\"},\"alternateName\":\"Agencia de publicidad y dise\u00f1o en Girona y Barcelona\",\"potentialAction\":[{\"@type\":\"SearchAction\",\"target\":{\"@type\":\"EntryPoint\",\"urlTemplate\":\"https:\\\/\\\/framegirona.com\\\/?s={search_term_string}\"},\"query-input\":{\"@type\":\"PropertyValueSpecification\",\"valueRequired\":true,\"valueName\":\"search_term_string\"}}],\"inLanguage\":\"en-GB\"},{\"@type\":\"Organization\",\"@id\":\"https:\\\/\\\/framegirona.com\\\/#organization\",\"name\":\"Frame Girona SL Ag\u00e8ncia de publicitat\",\"alternateName\":\"Frame Girona Comunicaci\u00f3, publicitat i disseny\",\"url\":\"https:\\\/\\\/framegirona.com\\\/\",\"logo\":{\"@type\":\"ImageObject\",\"inLanguage\":\"en-GB\",\"@id\":\"https:\\\/\\\/framegirona.com\\\/#\\\/schema\\\/logo\\\/image\\\/\",\"url\":\"https:\\\/\\\/framegirona.com\\\/wp-content\\\/uploads\\\/2022\\\/09\\\/Logo-Frame.png\",\"contentUrl\":\"https:\\\/\\\/framegirona.com\\\/wp-content\\\/uploads\\\/2022\\\/09\\\/Logo-Frame.png\",\"width\":1748,\"height\":1334,\"caption\":\"Frame Girona SL Ag\u00e8ncia de publicitat\"},\"image\":{\"@id\":\"https:\\\/\\\/framegirona.com\\\/#\\\/schema\\\/logo\\\/image\\\/\"},\"sameAs\":[\"https:\\\/\\\/www.facebook.com\\\/framegirona\\\/\",\"https:\\\/\\\/www.linkedin.com\\\/company\\\/frame-girona\",\"https:\\\/\\\/www.instagram.com\\\/framegirona\\\/\"],\"description\":\"Ag\u00e8ncia de publicitat a Girona i la Costa Brava, especialitzats en disseny gr\u00e0fic, disseny i programaci\u00f3 web, posicionament de p\u00e0gines web i publicitat i comunicaci\u00f3 per empreses.\",\"email\":\"frame@framegirona.com\",\"telephone\":\"972 20 58 65\",\"legalName\":\"Frame Girona SL\",\"foundingDate\":\"1998-05-23\",\"numberOfEmployees\":{\"@type\":\"QuantitativeValue\",\"minValue\":\"1\",\"maxValue\":\"10\"},\"publishingPrinciples\":\"https:\\\/\\\/framegirona.com\\\/\",\"ownershipFundingInfo\":\"https:\\\/\\\/framegirona.com\\\/avis-legal\\\/\"},{\"@type\":\"Person\",\"@id\":\"https:\\\/\\\/framegirona.com\\\/#\\\/schema\\\/person\\\/e7080e4546ef696a7feeb00001bd2656\",\"name\":\"OCTAVI MUN\u00cd SERRA\",\"image\":{\"@type\":\"ImageObject\",\"inLanguage\":\"en-GB\",\"@id\":\"https:\\\/\\\/secure.gravatar.com\\\/avatar\\\/7ccdc405037b71f391a45d9d27e0c76e7474d5e53b9554776989a01de66d58b8?s=96&d=mm&r=g\",\"url\":\"https:\\\/\\\/secure.gravatar.com\\\/avatar\\\/7ccdc405037b71f391a45d9d27e0c76e7474d5e53b9554776989a01de66d58b8?s=96&d=mm&r=g\",\"contentUrl\":\"https:\\\/\\\/secure.gravatar.com\\\/avatar\\\/7ccdc405037b71f391a45d9d27e0c76e7474d5e53b9554776989a01de66d58b8?s=96&d=mm&r=g\",\"caption\":\"OCTAVI MUN\u00cd SERRA\"},\"sameAs\":[\"https:\\\/\\\/framegirona.com\"]}]}<\/script>\n<!-- \/ Yoast SEO Premium plugin. -->","yoast_head_json":{"title":"M\u00e0rqueting estacional \u00b7 Comunicaci\u00f3 \u00b7 Frame Girona","description":"Existeixen diferents dates en les quals necessites una comunicaci\u00f3 espec\u00edfica, com Nadal, Rebaixes, etc. Utilitza el m\u00e0rqueting estacional.","robots":{"index":"index","follow":"follow","max-snippet":"max-snippet:-1","max-image-preview":"max-image-preview:large","max-video-preview":"max-video-preview:-1"},"canonical":"https:\/\/framegirona.com\/en\/marqueting-estacional\/","og_locale":"en_GB","og_type":"article","og_title":"M\u00e0rqueting estacional","og_description":"Existeixen diferents dates en les quals necessites una comunicaci\u00f3 espec\u00edfica, com Nadal, Rebaixes, etc. Utilitza el m\u00e0rqueting estacional.","og_url":"https:\/\/framegirona.com\/en\/marqueting-estacional\/","og_site_name":"Frame Girona","article_publisher":"https:\/\/www.facebook.com\/framegirona\/","article_published_time":"2021-11-24T11:16:48+00:00","article_modified_time":"2022-04-14T09:11:21+00:00","og_image":[{"width":1600,"height":684,"url":"https:\/\/framegirona.com\/wp-content\/uploads\/2021\/11\/blog01.jpg","type":"image\/jpeg"}],"author":"OCTAVI MUN\u00cd SERRA","twitter_card":"summary_large_image","twitter_misc":{"Written by":"OCTAVI MUN\u00cd SERRA","Estimated reading time":"4 minutes"},"schema":{"@context":"https:\/\/schema.org","@graph":[{"@type":"Article","@id":"https:\/\/framegirona.com\/es\/marqueting-estacional\/#article","isPartOf":{"@id":"https:\/\/framegirona.com\/es\/marqueting-estacional\/"},"author":{"name":"OCTAVI MUN\u00cd SERRA","@id":"https:\/\/framegirona.com\/#\/schema\/person\/e7080e4546ef696a7feeb00001bd2656"},"headline":"M\u00e0rqueting estacional","datePublished":"2021-11-24T11:16:48+00:00","dateModified":"2022-04-14T09:11:21+00:00","mainEntityOfPage":{"@id":"https:\/\/framegirona.com\/es\/marqueting-estacional\/"},"wordCount":760,"commentCount":0,"publisher":{"@id":"https:\/\/framegirona.com\/#organization"},"image":{"@id":"https:\/\/framegirona.com\/es\/marqueting-estacional\/#primaryimage"},"thumbnailUrl":"https:\/\/framegirona.com\/wp-content\/uploads\/2021\/11\/blog01.jpg","articleSection":["Comunicaci\u00f3"],"inLanguage":"en-GB","potentialAction":[{"@type":"CommentAction","name":"Comment","target":["https:\/\/framegirona.com\/es\/marqueting-estacional\/#respond"]}]},{"@type":"WebPage","@id":"https:\/\/framegirona.com\/es\/marqueting-estacional\/","url":"https:\/\/framegirona.com\/es\/marqueting-estacional\/","name":"M\u00e0rqueting estacional \u00b7 Comunicaci\u00f3 \u00b7 Frame Girona","isPartOf":{"@id":"https:\/\/framegirona.com\/#website"},"primaryImageOfPage":{"@id":"https:\/\/framegirona.com\/es\/marqueting-estacional\/#primaryimage"},"image":{"@id":"https:\/\/framegirona.com\/es\/marqueting-estacional\/#primaryimage"},"thumbnailUrl":"https:\/\/framegirona.com\/wp-content\/uploads\/2021\/11\/blog01.jpg","datePublished":"2021-11-24T11:16:48+00:00","dateModified":"2022-04-14T09:11:21+00:00","description":"Existeixen diferents dates en les quals necessites una comunicaci\u00f3 espec\u00edfica, com Nadal, Rebaixes, etc. Utilitza el m\u00e0rqueting estacional.","breadcrumb":{"@id":"https:\/\/framegirona.com\/es\/marqueting-estacional\/#breadcrumb"},"inLanguage":"en-GB","potentialAction":[{"@type":"ReadAction","target":["https:\/\/framegirona.com\/es\/marqueting-estacional\/"]}]},{"@type":"ImageObject","inLanguage":"en-GB","@id":"https:\/\/framegirona.com\/es\/marqueting-estacional\/#primaryimage","url":"https:\/\/framegirona.com\/wp-content\/uploads\/2021\/11\/blog01.jpg","contentUrl":"https:\/\/framegirona.com\/wp-content\/uploads\/2021\/11\/blog01.jpg","width":1600,"height":684,"caption":"marqueting estacional"},{"@type":"BreadcrumbList","@id":"https:\/\/framegirona.com\/es\/marqueting-estacional\/#breadcrumb","itemListElement":[{"@type":"ListItem","position":1,"name":"Home","item":"https:\/\/framegirona.com\/"},{"@type":"ListItem","position":2,"name":"M\u00e0rqueting estacional"}]},{"@type":"WebSite","@id":"https:\/\/framegirona.com\/#website","url":"https:\/\/framegirona.com\/","name":"Frame Girona Advertising agency","description":"Communication and advertising agency","publisher":{"@id":"https:\/\/framegirona.com\/#organization"},"alternateName":"Agencia de publicidad y dise\u00f1o en Girona y Barcelona","potentialAction":[{"@type":"SearchAction","target":{"@type":"EntryPoint","urlTemplate":"https:\/\/framegirona.com\/?s={search_term_string}"},"query-input":{"@type":"PropertyValueSpecification","valueRequired":true,"valueName":"search_term_string"}}],"inLanguage":"en-GB"},{"@type":"Organization","@id":"https:\/\/framegirona.com\/#organization","name":"Frame Girona SL Advertising agency","alternateName":"Frame Girona Comunicaci\u00f3, publicitat i disseny","url":"https:\/\/framegirona.com\/","logo":{"@type":"ImageObject","inLanguage":"en-GB","@id":"https:\/\/framegirona.com\/#\/schema\/logo\/image\/","url":"https:\/\/framegirona.com\/wp-content\/uploads\/2022\/09\/Logo-Frame.png","contentUrl":"https:\/\/framegirona.com\/wp-content\/uploads\/2022\/09\/Logo-Frame.png","width":1748,"height":1334,"caption":"Frame Girona SL Ag\u00e8ncia de publicitat"},"image":{"@id":"https:\/\/framegirona.com\/#\/schema\/logo\/image\/"},"sameAs":["https:\/\/www.facebook.com\/framegirona\/","https:\/\/www.linkedin.com\/company\/frame-girona","https:\/\/www.instagram.com\/framegirona\/"],"description":"Advertising agency in Girona and the Costa Brava, specializing in graphic design, web design and programming, website positioning and advertising and communication for companies.","email":"frame@framegirona.com","telephone":"972 20 58 65","legalName":"Frame Girona SL","foundingDate":"1998-05-23","numberOfEmployees":{"@type":"QuantitativeValue","minValue":"1","maxValue":"10"},"publishingPrinciples":"https:\/\/framegirona.com\/","ownershipFundingInfo":"https:\/\/framegirona.com\/avis-legal\/"},{"@type":"Person","@id":"https:\/\/framegirona.com\/#\/schema\/person\/e7080e4546ef696a7feeb00001bd2656","name":"OCTAVI MUN\u00cd SERRA","image":{"@type":"ImageObject","inLanguage":"en-GB","@id":"https:\/\/secure.gravatar.com\/avatar\/7ccdc405037b71f391a45d9d27e0c76e7474d5e53b9554776989a01de66d58b8?s=96&d=mm&r=g","url":"https:\/\/secure.gravatar.com\/avatar\/7ccdc405037b71f391a45d9d27e0c76e7474d5e53b9554776989a01de66d58b8?s=96&d=mm&r=g","contentUrl":"https:\/\/secure.gravatar.com\/avatar\/7ccdc405037b71f391a45d9d27e0c76e7474d5e53b9554776989a01de66d58b8?s=96&d=mm&r=g","caption":"OCTAVI MUN\u00cd SERRA"},"sameAs":["https:\/\/framegirona.com"]}]}},"_links":{"self":[{"href":"https:\/\/framegirona.com\/en\/wp-json\/wp\/v2\/posts\/9670","targetHints":{"allow":["GET"]}}],"collection":[{"href":"https:\/\/framegirona.com\/en\/wp-json\/wp\/v2\/posts"}],"about":[{"href":"https:\/\/framegirona.com\/en\/wp-json\/wp\/v2\/types\/post"}],"author":[{"embeddable":true,"href":"https:\/\/framegirona.com\/en\/wp-json\/wp\/v2\/users\/1"}],"replies":[{"embeddable":true,"href":"https:\/\/framegirona.com\/en\/wp-json\/wp\/v2\/comments?post=9670"}],"version-history":[{"count":0,"href":"https:\/\/framegirona.com\/en\/wp-json\/wp\/v2\/posts\/9670\/revisions"}],"wp:featuredmedia":[{"embeddable":true,"href":"https:\/\/framegirona.com\/en\/wp-json\/wp\/v2\/media\/11430"}],"wp:attachment":[{"href":"https:\/\/framegirona.com\/en\/wp-json\/wp\/v2\/media?parent=9670"}],"wp:term":[{"taxonomy":"category","embeddable":true,"href":"https:\/\/framegirona.com\/en\/wp-json\/wp\/v2\/categories?post=9670"},{"taxonomy":"post_tag","embeddable":true,"href":"https:\/\/framegirona.com\/en\/wp-json\/wp\/v2\/tags?post=9670"}],"curies":[{"name":"wp","href":"https:\/\/api.w.org\/{rel}","templated":true}]}}